{"id":44109,"date":"2025-03-20T04:01:49","date_gmt":"2025-03-20T08:01:49","guid":{"rendered":"https:\/\/www.radiosanctispiritus.cu\/es\/?p=44109"},"modified":"2025-03-21T09:03:48","modified_gmt":"2025-03-21T13:03:48","slug":"neneca","status":"publish","type":"post","link":"https:\/\/www.radiosanctispiritus.cu\/es\/neneca\/","title":{"rendered":"\u00d1e\u00f1eca, la historiadora de Sancti Sp\u00edritus"},"content":{"rendered":"<p>Maria Antonieta Jim\u00e9nez Margolles: Asi dicho dejar\u00e1 a muchos interrogando.<\/p>\n<p>Pero si usted en Sancti Spiritus dice \u201c\u00d1e\u00f1eca\u201d todos sabr\u00e1n de quien se habla.<\/p>\n<p>Si en la ciudad se realiza ahora mismo un concurso de popularidad \u00d1e\u00f1eca quedar\u00eda entre los primeros lugares.<\/p>\n<p>Nadie comprende como ella los entresijos y vericuetos espirituanos, la historia de cada casa, cada calle, cada edificaci\u00f3n.\u00a0 Nadie hace de la historia de la villa una f\u00e1bula inesperada, con gracia y veracidad.<\/p>\n<p>Todos los espirituanos conocen a la mujer apasionada por la historia y amante de Sancti Sp\u00edritus.<\/p>\n<p>Mar\u00eda Antonieta Jim\u00e9nez Margolles, \u00d1e\u00f1eca para el mundo, una de las guardianas m\u00e1s fieles de la ciudad de Sancti Sp\u00edritus, y una defensora a ultranza del patrimonio yayabero.<\/p>\n<p>Vive pr\u00e1cticamente para la villa,la desanda cada d\u00eda y la ha visto crecer hacia los cuatro puntos cardinales.<\/p>\n<p>Ese conocimiento lo prodiga, y comparte su sapiencia en libros, art\u00edculos de revistas y sus textos sobre edificaciones, aleros, casas, calles, plazas, plazuelas.<\/p>\n<p>\u00d1e\u00f1eca, adem\u00e1s, mantiene sus puertas abiertas a cualquier consulta personal a visitantes y coterr\u00e1neos,su personal y calificada visi\u00f3n sobre disimiles temas.<\/p>\n<p>Desde el a\u00f1o 2006, recibi\u00f3 el nombramiento de Historiadora de la Ciudad, nada m\u00e1s justo a quien vive por y para ella.<\/p>\n<p>A Mar\u00eda Antonieta Jim\u00e9nez Margolles, \u00d1e\u00f1eca para el mundo, se le confiri\u00f3, entre otras muchas distinciones la r\u00e9plica del machete del Mayor General Seraf\u00edn S\u00e1nchez Valdivia, m\u00e1xima condecoraci\u00f3n del Gobierno Provincial en Sancti Sp\u00edritus. Eso resume lo que significa esta mujer para los espirituanos.<\/p>\n<p>Hoy \u00d1e\u00f1eca est\u00e1 de cumplea\u00f1os, junto a su querida familia; la villa lo est\u00e1 tambi\u00e9n, honr\u00e1ndola y haciendo votos porque cumpla muchos m\u00e1s.<\/p>\n","protected":false},"excerpt":{"rendered":"<p>Hoy \u00d1e\u00f1eca est\u00e1 de cumplea\u00f1os, junto a su querida familia; la villa lo est\u00e1 tambi\u00e9n, honr\u00e1ndola y haciendo votos porque cumpla muchos m\u00e1s.<\/p>\n","protected":false},"author":163,"featured_media":44110,"comment_status":"open","ping_status":"open","sticky":false,"template":"","format":"standard","meta":{"_acf_changed":false,"footnotes":""},"categories":[1023],"tags":[],"coauthors":[],"class_list":["post-44109","post","type-post","status-publish","format-standard","has-post-thumbnail","hentry","category-el-balcon-del-soto"],"acf":[],"_links":{"self":[{"href":"https:\/\/www.radiosanctispiritus.cu\/es\/wp-json\/wp\/v2\/posts\/44109","targetHints":{"allow":["GET"]}}],"collection":[{"href":"https:\/\/www.radiosanctispiritus.cu\/es\/wp-json\/wp\/v2\/posts"}],"about":[{"href":"https:\/\/www.radiosanctispiritus.cu\/es\/wp-json\/wp\/v2\/types\/post"}],"author":[{"embeddable":true,"href":"https:\/\/www.radiosanctispiritus.cu\/es\/wp-json\/wp\/v2\/users\/163"}],"replies":[{"embeddable":true,"href":"https:\/\/www.radiosanctispiritus.cu\/es\/wp-json\/wp\/v2\/comments?post=44109"}],"version-history":[{"count":0,"href":"https:\/\/www.radiosanctispiritus.cu\/es\/wp-json\/wp\/v2\/posts\/44109\/revisions"}],"wp:featuredmedia":[{"embeddable":true,"href":"https:\/\/www.radiosanctispiritus.cu\/es\/wp-json\/wp\/v2\/media\/44110"}],"wp:attachment":[{"href":"https:\/\/www.radiosanctispiritus.cu\/es\/wp-json\/wp\/v2\/media?parent=44109"}],"wp:term":[{"taxonomy":"category","embeddable":true,"href":"https:\/\/www.radiosanctispiritus.cu\/es\/wp-json\/wp\/v2\/categories?post=44109"},{"taxonomy":"post_tag","embeddable":true,"href":"https:\/\/www.radiosanctispiritus.cu\/es\/wp-json\/wp\/v2\/tags?post=44109"},{"taxonomy":"author","embeddable":true,"href":"https:\/\/www.radiosanctispiritus.cu\/es\/wp-json\/wp\/v2\/coauthors?post=44109"}],"curies":[{"name":"wp","href":"https:\/\/api.w.org\/{rel}","templated":true}]}}