{"id":43994,"date":"2025-03-18T04:26:36","date_gmt":"2025-03-18T08:26:36","guid":{"rendered":"https:\/\/www.radiosanctispiritus.cu\/es\/?p=43994"},"modified":"2025-03-18T09:28:22","modified_gmt":"2025-03-18T13:28:22","slug":"se-prestigia-galeria-espirituana-con-exposicion-de-lo-mas-autoctono-del-arte-del-hilo-y-la-aguja","status":"publish","type":"post","link":"https:\/\/www.radiosanctispiritus.cu\/es\/se-prestigia-galeria-espirituana-con-exposicion-de-lo-mas-autoctono-del-arte-del-hilo-y-la-aguja\/","title":{"rendered":"Galer\u00eda espirituana expone algo de lo m\u00e1s aut\u00f3ctono del arte del hilo y la aguja"},"content":{"rendered":"<p>En la Galer\u00eda de Arte Oscar Fern\u00e1ndez Morera se exhibe la muestra <strong>\u00ab<\/strong>Tejidos Paralelos\u00bb, un tributo al arte del hilo y la aguja en la tradici\u00f3n trinitaria, liderado por la reconocida artista Yudith Vidal-Faife junto con el proyecto \u00abEntre Hilos, Alas y Pinceles\u00bb. Este proyecto re\u00fane por primera vez tres expresiones art\u00edsticas: fotograf\u00eda intervenida, tapices (sobre yute con hilo de algod\u00f3n, bordados a mano y deshilados) y esculturas blandas.<\/p>\n<p>La exposici\u00f3n es un di\u00e1logo entre t\u00e9cnicas tradicionales y contempor\u00e1neas, logrando nuevos enfoques visuales y est\u00e9ticos. Adem\u00e1s, cuenta con la colaboraci\u00f3n de estudiantes y profesores de la Escuela Taller Fernando Aguado de la Tercera Villa de Cuba, quienes han contribuido al dise\u00f1o y reciclaje de materiales textiles.<\/p>\n<p>Esta obra no solo explora el legado cultural hispano, aborigen y afroamericano de Cuba, sino que magnifica los elementos tradicionales del hilo y la aguja, transform\u00e1ndolos en piezas imponentes y llenas de simbolismo.<\/p>\n<p><iframe src=\"https:\/\/www.ivoox.com\/player_ej_143270286_6_1.html?c1=7a0d0b\" width=\"100%\" height=\"200\" frameborder=\"0\" scrolling=\"no\" allowfullscreen=\"allowfullscreen\"><\/iframe><\/p>\n","protected":false},"excerpt":{"rendered":"<p>En la Galer\u00eda de Arte Oscar Fern\u00e1ndez Morera se exhibe la muestra \u00abTejidos Paralelos\u00bb, un tributo al arte del hilo y la aguja en la tradici\u00f3n trinitaria, liderado por la reconocida artista Yudith Vidal-Faife junto con el proyecto \u00abEntre Hilos, Alas y Pinceles\u00bb. Este proyecto re\u00fane por primera vez tres expresiones art\u00edsticas: fotograf\u00eda intervenida, tapices [&hellip;]<\/p>\n","protected":false},"author":12,"featured_media":44026,"comment_status":"open","ping_status":"open","sticky":false,"template":"","format":"standard","meta":{"_acf_changed":false,"footnotes":""},"categories":[6,9],"tags":[282,1773,40,1659],"coauthors":[],"class_list":["post-43994","post","type-post","status-publish","format-standard","has-post-thumbnail","hentry","category-cultura","category-en-audio","tag-cultura","tag-galeria-de-arte-oscar-fernandez-morera","tag-trinidad","tag-yudit-vidal-faife"],"acf":[],"_links":{"self":[{"href":"https:\/\/www.radiosanctispiritus.cu\/es\/wp-json\/wp\/v2\/posts\/43994","targetHints":{"allow":["GET"]}}],"collection":[{"href":"https:\/\/www.radiosanctispiritus.cu\/es\/wp-json\/wp\/v2\/posts"}],"about":[{"href":"https:\/\/www.radiosanctispiritus.cu\/es\/wp-json\/wp\/v2\/types\/post"}],"author":[{"embeddable":true,"href":"https:\/\/www.radiosanctispiritus.cu\/es\/wp-json\/wp\/v2\/users\/12"}],"replies":[{"embeddable":true,"href":"https:\/\/www.radiosanctispiritus.cu\/es\/wp-json\/wp\/v2\/comments?post=43994"}],"version-history":[{"count":0,"href":"https:\/\/www.radiosanctispiritus.cu\/es\/wp-json\/wp\/v2\/posts\/43994\/revisions"}],"wp:featuredmedia":[{"embeddable":true,"href":"https:\/\/www.radiosanctispiritus.cu\/es\/wp-json\/wp\/v2\/media\/44026"}],"wp:attachment":[{"href":"https:\/\/www.radiosanctispiritus.cu\/es\/wp-json\/wp\/v2\/media?parent=43994"}],"wp:term":[{"taxonomy":"category","embeddable":true,"href":"https:\/\/www.radiosanctispiritus.cu\/es\/wp-json\/wp\/v2\/categories?post=43994"},{"taxonomy":"post_tag","embeddable":true,"href":"https:\/\/www.radiosanctispiritus.cu\/es\/wp-json\/wp\/v2\/tags?post=43994"},{"taxonomy":"author","embeddable":true,"href":"https:\/\/www.radiosanctispiritus.cu\/es\/wp-json\/wp\/v2\/coauthors?post=43994"}],"curies":[{"name":"wp","href":"https:\/\/api.w.org\/{rel}","templated":true}]}}