{"id":43873,"date":"2025-03-14T22:09:06","date_gmt":"2025-03-15T02:09:06","guid":{"rendered":"https:\/\/www.radiosanctispiritus.cu\/es\/?p=43873"},"modified":"2025-03-14T23:13:21","modified_gmt":"2025-03-15T03:13:21","slug":"se-produce-desconexion-del-sistema-electrico-nacional","status":"publish","type":"post","link":"https:\/\/www.radiosanctispiritus.cu\/es\/se-produce-desconexion-del-sistema-electrico-nacional\/","title":{"rendered":"Laboran en restablecimiento del Sistema El\u00e9ctrico Nacional"},"content":{"rendered":"<p>El Ministerio de Energ\u00eda y Minas inform\u00f3 en la red social X que alrededor de las 8:15 pm de este 14 de marzo, una aver\u00eda en la subestaci\u00f3n del Diezmero, en La Habana, provoc\u00f3 una perdida importante de generaci\u00f3n en el occidente de Cuba y con ello la ca\u00edda del Sistema El\u00e9ctrico Nacional (SEN). Ya se trabaja en el proceso de recuperaci\u00f3n.<\/p>\n","protected":false},"excerpt":{"rendered":"<p>El Ministerio de Energ\u00eda y Minas inform\u00f3 en la red social X que alrededor de las 8:15 pm de este 14 de marzo, una aver\u00eda en la subestaci\u00f3n del Diezmero, en La Habana, provoc\u00f3 una perdida importante de generaci\u00f3n en el occidente de Cuba y con ello la ca\u00edda del Sistema El\u00e9ctrico Nacional (SEN). Ya [&hellip;]<\/p>\n","protected":false},"author":4,"featured_media":36328,"comment_status":"open","ping_status":"open","sticky":false,"template":"","format":"standard","meta":{"_acf_changed":false,"footnotes":""},"categories":[8,3],"tags":[35,390,240,541],"coauthors":[],"class_list":["post-43873","post","type-post","status-publish","format-standard","has-post-thumbnail","hentry","category-noticia","category-cuba","tag-apagones","tag-electricos","tag-generacion-electrica","tag-sistema-electroenergetico-nacional"],"acf":[],"_links":{"self":[{"href":"https:\/\/www.radiosanctispiritus.cu\/es\/wp-json\/wp\/v2\/posts\/43873","targetHints":{"allow":["GET"]}}],"collection":[{"href":"https:\/\/www.radiosanctispiritus.cu\/es\/wp-json\/wp\/v2\/posts"}],"about":[{"href":"https:\/\/www.radiosanctispiritus.cu\/es\/wp-json\/wp\/v2\/types\/post"}],"author":[{"embeddable":true,"href":"https:\/\/www.radiosanctispiritus.cu\/es\/wp-json\/wp\/v2\/users\/4"}],"replies":[{"embeddable":true,"href":"https:\/\/www.radiosanctispiritus.cu\/es\/wp-json\/wp\/v2\/comments?post=43873"}],"version-history":[{"count":0,"href":"https:\/\/www.radiosanctispiritus.cu\/es\/wp-json\/wp\/v2\/posts\/43873\/revisions"}],"wp:featuredmedia":[{"embeddable":true,"href":"https:\/\/www.radiosanctispiritus.cu\/es\/wp-json\/wp\/v2\/media\/36328"}],"wp:attachment":[{"href":"https:\/\/www.radiosanctispiritus.cu\/es\/wp-json\/wp\/v2\/media?parent=43873"}],"wp:term":[{"taxonomy":"category","embeddable":true,"href":"https:\/\/www.radiosanctispiritus.cu\/es\/wp-json\/wp\/v2\/categories?post=43873"},{"taxonomy":"post_tag","embeddable":true,"href":"https:\/\/www.radiosanctispiritus.cu\/es\/wp-json\/wp\/v2\/tags?post=43873"},{"taxonomy":"author","embeddable":true,"href":"https:\/\/www.radiosanctispiritus.cu\/es\/wp-json\/wp\/v2\/coauthors?post=43873"}],"curies":[{"name":"wp","href":"https:\/\/api.w.org\/{rel}","templated":true}]}}