{"id":43144,"date":"2025-03-01T19:09:48","date_gmt":"2025-03-02T00:09:48","guid":{"rendered":"https:\/\/www.radiosanctispiritus.cu\/es\/?p=43144"},"modified":"2025-03-01T19:09:48","modified_gmt":"2025-03-02T00:09:48","slug":"fallecio-cantautor-paulo-fg-en-accidente-automovilistico","status":"publish","type":"post","link":"https:\/\/www.radiosanctispiritus.cu\/es\/fallecio-cantautor-paulo-fg-en-accidente-automovilistico\/","title":{"rendered":"Falleci\u00f3 cantautor Paulo FG en accidente automovil\u00edstico"},"content":{"rendered":"<p>El popular cantautor cubano Pablo Fern\u00e1ndez Gallo, m\u00e1s conocido como Paulo FG, falleci\u00f3 este s\u00e1bado a los 63 a\u00f1os de edad en un accidente automovil\u00edstico en el Malec\u00f3n capitalino, inform\u00f3 el Canal Clave de la Televisi\u00f3n Cubana.<\/p>\n<p>Seg\u00fan im\u00e1genes publicadas en la red social Facebook, su auto colision\u00f3 con un \u00f3mnibus.<\/p>\n<p>Paulo Fern\u00e1ndez Gallo representa la expresividad del cubano, fusionando varias corrientes como el rock, la balada, el jazz y el son, logrando una mezcla llena de textos novedosos, improvisaciones que rayan en el deslumbramiento de la cuban\u00eda musical, indica el sitio cubano Ecured.<\/p>\n<p>Se\u00f1ala adem\u00e1s que su m\u00fasica incluye una fabulosa mezcla de ra\u00edces populares, creatividad y sonoridades actuales que lo hacen \u00fanico, atractivo y siempre sugerente.<\/p>\n<p>Paulo FG naci\u00f3 el 11 de enero de 1962 en La Habana, y en su ni\u00f1ez tuvo la influencia art\u00edstica de su madre, Cary Gall, quien fue poetiza, escritora e instructora de arte.<\/p>\n<p>A los 18 a\u00f1os comenz\u00f3 a recibir clases de clarinete en el Conservatorio de m\u00fasica Ignacio Cervantes. Su voz llam\u00f3 la atenci\u00f3n de sus maestros y se cambi\u00f3 a la especialidad de canto, de la mano de Luis Carbonell, gran int\u00e9rprete, conocido como el acuarelista de la m\u00fasica antillana.<\/p>\n<p>En los cabarets Parisien, del Hotel Nacional; y del Sal\u00f3n Rojo, del Hotel Capri, de la capital; lo descubre el reconocido director de orquesta Adalberto \u00c1lvarez y pasa a integrar su agrupaci\u00f3n, con la cual tuvo un amplio recorrido art\u00edstico.<\/p>\n<p>Fue uno de los fundadores de la orquesta Dan Den, dirigida por Juan Carlos Alfonso, agrupaci\u00f3n que en su primer a\u00f1o de lanzamiento arras\u00f3 con todos los premios nacionales de las encuestas de popularidad en las listas de \u00e9xito.<\/p>\n<p>Juntos hicieron famosos los temas \u201cEl humo o la vida\u201d, que popularmente ser\u00eda \u201cCeniza y colilla\u201d por el coro que compuso y populariz\u00f3 Paulo, que de ah\u00ed en lo adelante se conocer\u00eda como Paulito FG.<\/p>\n<p>En el a\u00f1o 1989 grab\u00f3 con Opus 13, agrupaci\u00f3n dirigida por el maestro Joaqu\u00edn Betancourt, un primer \u00e1lbum, en el cual casi todos los temas son de su autor\u00eda, desarrollando vertiginosamente su talento como int\u00e9rprete y compositor, seg\u00fan Ecured.<\/p>\n<p>Con esa agrupaci\u00f3n realiz\u00f3 sus primeras presentaciones internacionales en el Festival de Invierno de Finlandia y luego en varios escenarios de M\u00e9xico.<\/p>\n<p>Al poco tiempo de su regreso a Cuba cre\u00f3 su propia agrupaci\u00f3n, Paulito FG y su \u00c9lite. Su primer disco \u00abT\u00fa no me calculas\u00bb, lo grab\u00f3 en 1993, producci\u00f3n de EGREM (Empresa de Grabaciones y Ediciones Musicales) lanzada en La Habana y luego en Tokio, por una colaboraci\u00f3n del productor japon\u00e9s Ryu Murakami con Sony, que result\u00f3 un verdadero suceso musical en ambos pa\u00edses.<\/p>\n<p>En lo adelante, el artista mantuvo una carrera vertiginosa que lo llev\u00f3 a firmar con la disquera Magic Music y lo ubic\u00f3 en los primeros planos del cancionero nacional, con numerosos temas que se mantuvieron entre los favoritos del p\u00fablico cubano.<\/p>\n","protected":false},"excerpt":{"rendered":"<p>El popular cantautor cubano Pablo Fern\u00e1ndez Gallo, m\u00e1s conocido como Paulo FG, falleci\u00f3 este s\u00e1bado a los 63 a\u00f1os de edad en un accidente automovil\u00edstico en el Malec\u00f3n capitalino.<\/p>\n","protected":false},"author":22,"featured_media":43145,"comment_status":"open","ping_status":"open","sticky":false,"template":"","format":"standard","meta":{"_acf_changed":false,"footnotes":""},"categories":[3,6,8],"tags":[265,1741],"coauthors":[],"class_list":["post-43144","post","type-post","status-publish","format-standard","has-post-thumbnail","hentry","category-cuba","category-cultura","category-noticia","tag-cultura-cubana","tag-musica-cubana"],"acf":[],"_links":{"self":[{"href":"https:\/\/www.radiosanctispiritus.cu\/es\/wp-json\/wp\/v2\/posts\/43144","targetHints":{"allow":["GET"]}}],"collection":[{"href":"https:\/\/www.radiosanctispiritus.cu\/es\/wp-json\/wp\/v2\/posts"}],"about":[{"href":"https:\/\/www.radiosanctispiritus.cu\/es\/wp-json\/wp\/v2\/types\/post"}],"author":[{"embeddable":true,"href":"https:\/\/www.radiosanctispiritus.cu\/es\/wp-json\/wp\/v2\/users\/22"}],"replies":[{"embeddable":true,"href":"https:\/\/www.radiosanctispiritus.cu\/es\/wp-json\/wp\/v2\/comments?post=43144"}],"version-history":[{"count":0,"href":"https:\/\/www.radiosanctispiritus.cu\/es\/wp-json\/wp\/v2\/posts\/43144\/revisions"}],"wp:featuredmedia":[{"embeddable":true,"href":"https:\/\/www.radiosanctispiritus.cu\/es\/wp-json\/wp\/v2\/media\/43145"}],"wp:attachment":[{"href":"https:\/\/www.radiosanctispiritus.cu\/es\/wp-json\/wp\/v2\/media?parent=43144"}],"wp:term":[{"taxonomy":"category","embeddable":true,"href":"https:\/\/www.radiosanctispiritus.cu\/es\/wp-json\/wp\/v2\/categories?post=43144"},{"taxonomy":"post_tag","embeddable":true,"href":"https:\/\/www.radiosanctispiritus.cu\/es\/wp-json\/wp\/v2\/tags?post=43144"},{"taxonomy":"author","embeddable":true,"href":"https:\/\/www.radiosanctispiritus.cu\/es\/wp-json\/wp\/v2\/coauthors?post=43144"}],"curies":[{"name":"wp","href":"https:\/\/api.w.org\/{rel}","templated":true}]}}