{"id":43084,"date":"2025-02-28T04:27:51","date_gmt":"2025-02-28T09:27:51","guid":{"rendered":"https:\/\/www.radiosanctispiritus.cu\/es\/?p=43084"},"modified":"2025-02-27T22:13:44","modified_gmt":"2025-02-28T03:13:44","slug":"fiscalia-espirituana-garantiza-proteccion-a-menores-victimas-de-abuso-sexual","status":"publish","type":"post","link":"https:\/\/www.radiosanctispiritus.cu\/es\/fiscalia-espirituana-garantiza-proteccion-a-menores-victimas-de-abuso-sexual\/","title":{"rendered":"Fiscal\u00eda espirituana garantiza protecci\u00f3n a menores v\u00edctimas de abuso sexual"},"content":{"rendered":"<p>A tenor con la legalidad socialista, la Fiscal\u00eda Provincial de Sancti Sp\u00edritus garantiza hoy la protecci\u00f3n f\u00edsica y psicol\u00f3gica de menores v\u00edctimas de delitos como los relacionados con abuso sexual y facilita su acceso a la justicia y a un trato justo.<\/p>\n<p><iframe src=\"https:\/\/www.ivoox.com\/player_ej_140756845_6_1.html?c1=7a0d0b\" width=\"100%\" height=\"200\" frameborder=\"0\" scrolling=\"no\" allowfullscreen=\"allowfullscreen\"><\/iframe><\/p>\n","protected":false},"excerpt":{"rendered":"<p>A tenor con la legalidad socialista, la Fiscal\u00eda Provincial de Sancti Sp\u00edritus garantiza hoy la protecci\u00f3n f\u00edsica y psicol\u00f3gica de menores v\u00edctimas de delitos como los relacionados con abuso sexual y facilita su acceso a la justicia y a un trato justo.<\/p>\n","protected":false},"author":29,"featured_media":43088,"comment_status":"open","ping_status":"open","sticky":false,"template":"","format":"standard","meta":{"_acf_changed":false,"footnotes":""},"categories":[9],"tags":[462],"coauthors":[],"class_list":["post-43084","post","type-post","status-publish","format-standard","has-post-thumbnail","hentry","category-en-audio","tag-fiscalia"],"acf":[],"_links":{"self":[{"href":"https:\/\/www.radiosanctispiritus.cu\/es\/wp-json\/wp\/v2\/posts\/43084","targetHints":{"allow":["GET"]}}],"collection":[{"href":"https:\/\/www.radiosanctispiritus.cu\/es\/wp-json\/wp\/v2\/posts"}],"about":[{"href":"https:\/\/www.radiosanctispiritus.cu\/es\/wp-json\/wp\/v2\/types\/post"}],"author":[{"embeddable":true,"href":"https:\/\/www.radiosanctispiritus.cu\/es\/wp-json\/wp\/v2\/users\/29"}],"replies":[{"embeddable":true,"href":"https:\/\/www.radiosanctispiritus.cu\/es\/wp-json\/wp\/v2\/comments?post=43084"}],"version-history":[{"count":0,"href":"https:\/\/www.radiosanctispiritus.cu\/es\/wp-json\/wp\/v2\/posts\/43084\/revisions"}],"wp:featuredmedia":[{"embeddable":true,"href":"https:\/\/www.radiosanctispiritus.cu\/es\/wp-json\/wp\/v2\/media\/43088"}],"wp:attachment":[{"href":"https:\/\/www.radiosanctispiritus.cu\/es\/wp-json\/wp\/v2\/media?parent=43084"}],"wp:term":[{"taxonomy":"category","embeddable":true,"href":"https:\/\/www.radiosanctispiritus.cu\/es\/wp-json\/wp\/v2\/categories?post=43084"},{"taxonomy":"post_tag","embeddable":true,"href":"https:\/\/www.radiosanctispiritus.cu\/es\/wp-json\/wp\/v2\/tags?post=43084"},{"taxonomy":"author","embeddable":true,"href":"https:\/\/www.radiosanctispiritus.cu\/es\/wp-json\/wp\/v2\/coauthors?post=43084"}],"curies":[{"name":"wp","href":"https:\/\/api.w.org\/{rel}","templated":true}]}}