{"id":42864,"date":"2025-02-24T04:30:22","date_gmt":"2025-02-24T09:30:22","guid":{"rendered":"https:\/\/www.radiosanctispiritus.cu\/es\/?p=42864"},"modified":"2025-02-23T22:06:49","modified_gmt":"2025-02-24T03:06:49","slug":"24-de-febrero-de-1895-de-nuevo-los-mambises-sobre-los-caballos","status":"publish","type":"post","link":"https:\/\/www.radiosanctispiritus.cu\/es\/24-de-febrero-de-1895-de-nuevo-los-mambises-sobre-los-caballos\/","title":{"rendered":"24 de febrero de 1895, de nuevo los  mambises sobre los caballos"},"content":{"rendered":"<p>\u201c\u00bfY qu\u00e9 se puede parecer m\u00e1s a aquella lucha de ideas de entonces que la lucha de las ideas hoy? \u00bfQu\u00e9 se puede parecer m\u00e1s a aquella incesante pr\u00e9dica martiana por la guerra necesaria y \u00fatil como \u00fanico camino para obtener la libertad, aquella tesis martiana en favor de la lucha revolucionaria armada que las tesis que tuvo que mantener en la \u00faltima etapa del proceso el movimiento revolucionario en nuestra patria\u201d.<\/p>\n<p>Habla el mejor disc\u00edpulo del m\u00e1s cubano de los cubanos. Habla Fidel acerca de Jos\u00e9 Mart\u00ed, el art\u00edfice de la Guerra Necesaria, iniciada el 24 de febrero de 1895.<\/p>\n<p>El Maestro se ech\u00f3 sobre sus espaldas la preparaci\u00f3n de aquella gesta, y debi\u00f3 enfrentar un enemigo silencioso: la desuni\u00f3n, el recelo entre los veteranos de las contiendas precedentes, que ol\u00edan a p\u00f3lvora por los cuatro costados, y los mambises por nacer, quienes a\u00f1oraban enjaezar el caballo y, machete en mano, arremeter contra los huestes colonialistas espa\u00f1olas.<\/p>\n<p>Tanto resquemor, incluso entre los propios caudillos, cercen\u00f3 de un tajo la Guerra de los Diez A\u00f1os. Al dedillo, lo conoc\u00eda Mart\u00ed, quien advirti\u00f3: \u201cnuestra espada no nos la quit\u00f3 nadie de las manos, sino que la dejamos caer nosotros mismos\u201d.<\/p>\n<p>Contra esos demonios, Mart\u00ed luch\u00f3. Y se hizo al camino libertario. Radicado en los Estados Unidos, toc\u00f3 la puerta de cada emigrado cubano. Viaj\u00f3 lo mismo a Rep\u00fablica Dominicana, Panam\u00e1, Costa Rica\u2026<\/p>\n<p>\u201cMart\u00ed predica incesantemente sus ideas, Mart\u00ed organiza a los emigrados, Mart\u00ed organiza pr\u00e1cticamente el primer partido revolucionario; es decir, el primer partido para dirigir una revoluci\u00f3n, el primer partido que agrupara a todos los revolucionarios. Y con una tenacidad, una valent\u00eda moral y un hero\u00edsmo extraordinarios, sin otros recursos que su inteligencia, su convicci\u00f3n y su raz\u00f3n, se dedic\u00f3 a aquella tarea\u201d subray\u00f3 Fidel en 1960, al rememorar el comienzo de la contienda libertaria de 1895.<\/p>\n<p>Y en todo ese itinerario independentista asom\u00f3 la traici\u00f3n, lamentablemente. En enero de 1895, casi a punto de zarpar tres buques, desde el sur de Estados Unidos, con expedicionarios y pertrechos de guerra, una delaci\u00f3n abort\u00f3 el acto conspirativo.<\/p>\n<p>Mart\u00ed se sobrepuso al fracaso del Plan de Fernandina. Le escribi\u00f3 a M\u00e1ximo G\u00f3mez y a Antonio Maceo. Firm\u00f3 una nueva orden de alzamiento en Nueva York, junto a otros patriotas y se la envi\u00f3 a Juan Gualberto G\u00f3mez y a otros guerreros, que aguardaban en la isla.<\/p>\n<p>Era el 24 de febrero de 1895. De nuevo, a la manigua; de nuevo los\u00a0 mambises sobre los caballos. La corneta volv\u00eda a tocar a deg\u00fcello.<br \/>\n<iframe src=\"https:\/\/www.ivoox.com\/player_ej_140331386_6_1.html\" width=\"100%\" height=\"200\" frameborder=\"0\" scrolling=\"no\" allowfullscreen=\"allowfullscreen\"><\/iframe><\/p>\n<p>&nbsp;<\/p>\n","protected":false},"excerpt":{"rendered":"<p>Era el 24 de febrero de 1895. De nuevo, a la manigua; de nuevo los  mambises sobre los caballos. La corneta volv\u00eda a tocar a deg\u00fcello.<\/p>\n","protected":false},"author":10,"featured_media":42865,"comment_status":"open","ping_status":"open","sticky":false,"template":"","format":"standard","meta":{"_acf_changed":false,"footnotes":""},"categories":[9],"tags":[50,1725,1726],"coauthors":[],"class_list":["post-42864","post","type-post","status-publish","format-standard","has-post-thumbnail","hentry","category-en-audio","tag-cuba","tag-guerra-necesaria","tag-mambises"],"acf":[],"_links":{"self":[{"href":"https:\/\/www.radiosanctispiritus.cu\/es\/wp-json\/wp\/v2\/posts\/42864","targetHints":{"allow":["GET"]}}],"collection":[{"href":"https:\/\/www.radiosanctispiritus.cu\/es\/wp-json\/wp\/v2\/posts"}],"about":[{"href":"https:\/\/www.radiosanctispiritus.cu\/es\/wp-json\/wp\/v2\/types\/post"}],"author":[{"embeddable":true,"href":"https:\/\/www.radiosanctispiritus.cu\/es\/wp-json\/wp\/v2\/users\/10"}],"replies":[{"embeddable":true,"href":"https:\/\/www.radiosanctispiritus.cu\/es\/wp-json\/wp\/v2\/comments?post=42864"}],"version-history":[{"count":0,"href":"https:\/\/www.radiosanctispiritus.cu\/es\/wp-json\/wp\/v2\/posts\/42864\/revisions"}],"wp:featuredmedia":[{"embeddable":true,"href":"https:\/\/www.radiosanctispiritus.cu\/es\/wp-json\/wp\/v2\/media\/42865"}],"wp:attachment":[{"href":"https:\/\/www.radiosanctispiritus.cu\/es\/wp-json\/wp\/v2\/media?parent=42864"}],"wp:term":[{"taxonomy":"category","embeddable":true,"href":"https:\/\/www.radiosanctispiritus.cu\/es\/wp-json\/wp\/v2\/categories?post=42864"},{"taxonomy":"post_tag","embeddable":true,"href":"https:\/\/www.radiosanctispiritus.cu\/es\/wp-json\/wp\/v2\/tags?post=42864"},{"taxonomy":"author","embeddable":true,"href":"https:\/\/www.radiosanctispiritus.cu\/es\/wp-json\/wp\/v2\/coauthors?post=42864"}],"curies":[{"name":"wp","href":"https:\/\/api.w.org\/{rel}","templated":true}]}}