{"id":42544,"date":"2025-02-18T04:39:05","date_gmt":"2025-02-18T09:39:05","guid":{"rendered":"https:\/\/www.radiosanctispiritus.cu\/es\/?p=42544"},"modified":"2025-02-17T19:48:42","modified_gmt":"2025-02-18T00:48:42","slug":"avanza-lentamente-actualizacion-de-proyectos-de-trabajadores-espirituanos-por-cuenta-propia","status":"publish","type":"post","link":"https:\/\/www.radiosanctispiritus.cu\/es\/avanza-lentamente-actualizacion-de-proyectos-de-trabajadores-espirituanos-por-cuenta-propia\/","title":{"rendered":"Avanza lentamente actualizaci\u00f3n de proyectos de trabajadores espirituanos por cuenta propia"},"content":{"rendered":"<p>En la provincia de Sancti Sp\u00edritus avanza lentamente la actualizaci\u00f3n de proyectos de trabajadores por cuenta propia.<br \/>\n<iframe src=\"https:\/\/www.ivoox.com\/player_ej_139960917_6_1.html?c1=7a0d0b\" width=\"100%\" height=\"200\" frameborder=\"0\" scrolling=\"no\" allowfullscreen=\"allowfullscreen\"><\/iframe><\/p>\n","protected":false},"excerpt":{"rendered":"<p>En la provincia de Sancti Sp\u00edritus avanza lentamente la actualizaci\u00f3n de proyectos de trabajadores por cuenta propia.<\/p>\n","protected":false},"author":18,"featured_media":35390,"comment_status":"open","ping_status":"open","sticky":false,"template":"","format":"standard","meta":{"_acf_changed":false,"footnotes":""},"categories":[9],"tags":[874],"coauthors":[],"class_list":["post-42544","post","type-post","status-publish","format-standard","has-post-thumbnail","hentry","category-en-audio","tag-trabajo-por-cuenta-propia"],"acf":[],"_links":{"self":[{"href":"https:\/\/www.radiosanctispiritus.cu\/es\/wp-json\/wp\/v2\/posts\/42544","targetHints":{"allow":["GET"]}}],"collection":[{"href":"https:\/\/www.radiosanctispiritus.cu\/es\/wp-json\/wp\/v2\/posts"}],"about":[{"href":"https:\/\/www.radiosanctispiritus.cu\/es\/wp-json\/wp\/v2\/types\/post"}],"author":[{"embeddable":true,"href":"https:\/\/www.radiosanctispiritus.cu\/es\/wp-json\/wp\/v2\/users\/18"}],"replies":[{"embeddable":true,"href":"https:\/\/www.radiosanctispiritus.cu\/es\/wp-json\/wp\/v2\/comments?post=42544"}],"version-history":[{"count":0,"href":"https:\/\/www.radiosanctispiritus.cu\/es\/wp-json\/wp\/v2\/posts\/42544\/revisions"}],"wp:featuredmedia":[{"embeddable":true,"href":"https:\/\/www.radiosanctispiritus.cu\/es\/wp-json\/wp\/v2\/media\/35390"}],"wp:attachment":[{"href":"https:\/\/www.radiosanctispiritus.cu\/es\/wp-json\/wp\/v2\/media?parent=42544"}],"wp:term":[{"taxonomy":"category","embeddable":true,"href":"https:\/\/www.radiosanctispiritus.cu\/es\/wp-json\/wp\/v2\/categories?post=42544"},{"taxonomy":"post_tag","embeddable":true,"href":"https:\/\/www.radiosanctispiritus.cu\/es\/wp-json\/wp\/v2\/tags?post=42544"},{"taxonomy":"author","embeddable":true,"href":"https:\/\/www.radiosanctispiritus.cu\/es\/wp-json\/wp\/v2\/coauthors?post=42544"}],"curies":[{"name":"wp","href":"https:\/\/api.w.org\/{rel}","templated":true}]}}