{"id":42257,"date":"2025-02-11T04:55:51","date_gmt":"2025-02-11T09:55:51","guid":{"rendered":"https:\/\/www.radiosanctispiritus.cu\/es\/?p=42257"},"modified":"2025-02-11T06:20:57","modified_gmt":"2025-02-11T11:20:57","slug":"la-fiscalia-y-la-onat-establecen-alianzas-de-trabajo-para-evitar-delitos-tributarios","status":"publish","type":"post","link":"https:\/\/www.radiosanctispiritus.cu\/es\/la-fiscalia-y-la-onat-establecen-alianzas-de-trabajo-para-evitar-delitos-tributarios\/","title":{"rendered":"La Fiscal\u00eda y la ONAT establecen alianzas de trabajo para evitar delitos  tributarios"},"content":{"rendered":"<p>La Fiscal\u00eda provincial de Sancti Sp\u00edritus y la Oficina Nacional de Administraci\u00f3n Tributaria ( ONAT ) en el territorio ejecutan por estos d\u00edas acciones preventivas y de control, encaminadas a\u00a0 lograr una mayor transparencia en las declaraciones de ingresos de los contribuyentes y evitar as\u00ed el delito de evasi\u00f3n fiscal.<\/p>\n<p><iframe src=\"https:\/\/www.ivoox.com\/player_ej_139583241_6_1.html?c1=cc0404\" width=\"100%\" height=\"200\" frameborder=\"0\" scrolling=\"no\" allowfullscreen=\"allowfullscreen\"><\/iframe><\/p>\n","protected":false},"excerpt":{"rendered":"<p>La Fiscal\u00eda provincial de Sancti Sp\u00edritus y  la ONAT establecen alianzas de trabajo para evitar delitos  tributarios.  <\/p>\n","protected":false},"author":29,"featured_media":10894,"comment_status":"open","ping_status":"open","sticky":false,"template":"","format":"standard","meta":{"_acf_changed":false,"footnotes":""},"categories":[9,1],"tags":[1710,462,331],"coauthors":[],"class_list":["post-42257","post","type-post","status-publish","format-standard","has-post-thumbnail","hentry","category-en-audio","category-sancti-spiritus","tag-delitos-tributarios","tag-fiscalia","tag-onat"],"acf":[],"_links":{"self":[{"href":"https:\/\/www.radiosanctispiritus.cu\/es\/wp-json\/wp\/v2\/posts\/42257","targetHints":{"allow":["GET"]}}],"collection":[{"href":"https:\/\/www.radiosanctispiritus.cu\/es\/wp-json\/wp\/v2\/posts"}],"about":[{"href":"https:\/\/www.radiosanctispiritus.cu\/es\/wp-json\/wp\/v2\/types\/post"}],"author":[{"embeddable":true,"href":"https:\/\/www.radiosanctispiritus.cu\/es\/wp-json\/wp\/v2\/users\/29"}],"replies":[{"embeddable":true,"href":"https:\/\/www.radiosanctispiritus.cu\/es\/wp-json\/wp\/v2\/comments?post=42257"}],"version-history":[{"count":0,"href":"https:\/\/www.radiosanctispiritus.cu\/es\/wp-json\/wp\/v2\/posts\/42257\/revisions"}],"wp:featuredmedia":[{"embeddable":true,"href":"https:\/\/www.radiosanctispiritus.cu\/es\/wp-json\/wp\/v2\/media\/10894"}],"wp:attachment":[{"href":"https:\/\/www.radiosanctispiritus.cu\/es\/wp-json\/wp\/v2\/media?parent=42257"}],"wp:term":[{"taxonomy":"category","embeddable":true,"href":"https:\/\/www.radiosanctispiritus.cu\/es\/wp-json\/wp\/v2\/categories?post=42257"},{"taxonomy":"post_tag","embeddable":true,"href":"https:\/\/www.radiosanctispiritus.cu\/es\/wp-json\/wp\/v2\/tags?post=42257"},{"taxonomy":"author","embeddable":true,"href":"https:\/\/www.radiosanctispiritus.cu\/es\/wp-json\/wp\/v2\/coauthors?post=42257"}],"curies":[{"name":"wp","href":"https:\/\/api.w.org\/{rel}","templated":true}]}}