{"id":42003,"date":"2025-02-06T04:10:08","date_gmt":"2025-02-06T09:10:08","guid":{"rendered":"https:\/\/www.radiosanctispiritus.cu\/es\/?p=42003"},"modified":"2025-02-05T19:35:49","modified_gmt":"2025-02-06T00:35:49","slug":"de-murales-y-esculturas","status":"publish","type":"post","link":"https:\/\/www.radiosanctispiritus.cu\/es\/de-murales-y-esculturas\/","title":{"rendered":"De murales y esculturas"},"content":{"rendered":"<p>En Sancti Spiritus, villa fundada en 1514 y con una profusa tradici\u00f3n en las Artes Pl\u00e1sticas,se ha mantenido la tradici\u00f3n, renovada con la existencia de innumerables obras, que le confieren a este territorio carta de ciudadan\u00eda.<\/p>\n<p>Un centro arquitect\u00f3nico que resalta por su belleza y la conservaci\u00f3n de edificaciones de siglos anteriores, es un espacio adecuado para que la imaginaci\u00f3n de nuestros creadores logre integrar su visi\u00f3n del entorno a las m\u00e1s altas exigencias de la est\u00e9tica con la concepci\u00f3n de murales y esculturas.<\/p>\n<p>El barro, la piedra, el bronce y el prefabricado \u2013no importa cual sea el material escogido- lo cierto es que Sancti Spiritus puede preciarse de exhibir a gran escala una galer\u00eda de arte al aire libre.<\/p>\n<p>Esta historia comenz\u00f3 con acciones en la que unos pocos se aventuraron t\u00edmidamente en las paredes de la avenida de los M\u00e1rtires y la Sede de la Asamblea Provincial del Poder Popular. Pero lo sembrado entonces fructific\u00f3 y ya el transe\u00fante identifica sus rincones m\u00e1s queridos con la dedicaci\u00f3n y el buen gusto.<\/p>\n<p><img decoding=\"async\" class=\"aligncenter size-medium wp-image-42007\" src=\"https:\/\/www.radiosanctispiritus.cu\/es\/wp-content\/uploads\/esculturas-1-600x400.jpg\" alt=\"\" width=\"600\" height=\"400\" srcset=\"https:\/\/www.radiosanctispiritus.cu\/es\/wp-content\/uploads\/esculturas-1-600x400.jpg 600w, https:\/\/www.radiosanctispiritus.cu\/es\/wp-content\/uploads\/esculturas-1.jpg 750w\" sizes=\"(max-width: 600px) 100vw, 600px\" \/>Hacer un mural a gran escala es oficio de entendidos. La integraci\u00f3n al ambiente urban\u00edstico, los materiales a emplear, las dimensiones y el mensaje a trasmitir resultan indispensables, y en este caso el fen\u00f3meno art\u00edstico no se ha manifestado como una burda competencia donde cada cual pretende dejar su huella para la posteridad a cualquier costo.<\/p>\n<p>Los murales y las esculturas espirituanas dan fe del papel social de la cultura y de esa propiedad que tiene de transformar la realidad y dotarla de nuevas cualidades.<\/p>\n<p>F\u00e9lix Madrigal, Julio Neyra, Jorge L\u00f3pez, Jos\u00e9 Perdomo y otros creadores han diseminado por la ciudad su quehacer art\u00edstico patentizando que la vida cotidiana puede aderezarse con buen gusto y sentido pr\u00e1ctico.<\/p>\n<p>F\u00e9lix Madrigal es sin dudas uno de los que m\u00e1s ha contribuido a mejorar el entorno de su villa; a sus murales en el Motel Los Laureles y la Cremer\u00eda el Kikiri se a\u00f1aden las esculturas con personajes populares que ofrecen un toque de distinci\u00f3n al Boulevard.<\/p>\n<p>Hace algunos a\u00f1os este artista comenz\u00f3 (en lo que ser\u00eda el futuro Boulevard de la ciudad) un proyecto con el prop\u00f3sito de perpetuar a figuras y personajes populares de la villa.<\/p>\n<p><img decoding=\"async\" class=\"aligncenter wp-image-42009 size-medium\" src=\"https:\/\/www.radiosanctispiritus.cu\/es\/wp-content\/uploads\/esculturas-3-600x397.jpg\" alt=\"\" width=\"600\" height=\"397\" srcset=\"https:\/\/www.radiosanctispiritus.cu\/es\/wp-content\/uploads\/esculturas-3-600x397.jpg 600w, https:\/\/www.radiosanctispiritus.cu\/es\/wp-content\/uploads\/esculturas-3.jpg 755w\" sizes=\"(max-width: 600px) 100vw, 600px\" \/><\/p>\n<p>Sin seguir un orden cronol\u00f3gico se instalaron las esculturas de Teofilito, en el hostal Del Rijo, de Miguelito Companioni, en la Casa de la trova que precisamente lleva su nombre; de Serapio, Delio Luna, Francisquito y\u00a0 Oscar Fern\u00e1ndez Morera, en el citado boulevard.<\/p>\n<p>Esta idea de las esculturas vinculadas a las personas y su entorno no es nueva, otras ciudades cubanas como Camag\u00fcey y Bayamo tambi\u00e9n las poseen: adem\u00e1s de otras muchas ciudades del mundo.<\/p>\n<p>En el interactuar con los transe\u00fantes las esculturas del Boulevard ya forman parte de lo cotidiano: los forasteros dejan junto a ellas constancia fotogr\u00e1fica de su visita. Tambi\u00e9n los murales se han convertido en s\u00edmbolos de la ciudad.<\/p>\n<p>Cuando pasen los a\u00f1os otras generaciones admirar\u00e1n estas obras, con el mismo encanto con que nosotros recibimos de nuestros antepasados las construcciones coloniales que nos legaron y sus pinturas murales.<\/p>\n<p>Ese es el verdadero valor de la obra de arte: Trascender en el tiempo y alentar un mensaje para el futuro.<\/p>\n","protected":false},"excerpt":{"rendered":"<p>En Sancti Spiritus, villa fundada en 1514 y con una profusa tradici\u00f3n en las Artes Pl\u00e1sticas,se ha mantenido la tradici\u00f3n, renovada con la existencia de innumerables murales y esculturas, que le confieren a este territorio carta de ciudadan\u00eda.<\/p>\n","protected":false},"author":163,"featured_media":42008,"comment_status":"open","ping_status":"open","sticky":false,"template":"","format":"standard","meta":{"_acf_changed":false,"footnotes":""},"categories":[1023],"tags":[1701,1700],"coauthors":[],"class_list":["post-42003","post","type-post","status-publish","format-standard","has-post-thumbnail","hentry","category-el-balcon-del-soto","tag-esculturas","tag-murales"],"acf":[],"_links":{"self":[{"href":"https:\/\/www.radiosanctispiritus.cu\/es\/wp-json\/wp\/v2\/posts\/42003","targetHints":{"allow":["GET"]}}],"collection":[{"href":"https:\/\/www.radiosanctispiritus.cu\/es\/wp-json\/wp\/v2\/posts"}],"about":[{"href":"https:\/\/www.radiosanctispiritus.cu\/es\/wp-json\/wp\/v2\/types\/post"}],"author":[{"embeddable":true,"href":"https:\/\/www.radiosanctispiritus.cu\/es\/wp-json\/wp\/v2\/users\/163"}],"replies":[{"embeddable":true,"href":"https:\/\/www.radiosanctispiritus.cu\/es\/wp-json\/wp\/v2\/comments?post=42003"}],"version-history":[{"count":0,"href":"https:\/\/www.radiosanctispiritus.cu\/es\/wp-json\/wp\/v2\/posts\/42003\/revisions"}],"wp:featuredmedia":[{"embeddable":true,"href":"https:\/\/www.radiosanctispiritus.cu\/es\/wp-json\/wp\/v2\/media\/42008"}],"wp:attachment":[{"href":"https:\/\/www.radiosanctispiritus.cu\/es\/wp-json\/wp\/v2\/media?parent=42003"}],"wp:term":[{"taxonomy":"category","embeddable":true,"href":"https:\/\/www.radiosanctispiritus.cu\/es\/wp-json\/wp\/v2\/categories?post=42003"},{"taxonomy":"post_tag","embeddable":true,"href":"https:\/\/www.radiosanctispiritus.cu\/es\/wp-json\/wp\/v2\/tags?post=42003"},{"taxonomy":"author","embeddable":true,"href":"https:\/\/www.radiosanctispiritus.cu\/es\/wp-json\/wp\/v2\/coauthors?post=42003"}],"curies":[{"name":"wp","href":"https:\/\/api.w.org\/{rel}","templated":true}]}}