{"id":41893,"date":"2025-02-03T19:00:52","date_gmt":"2025-02-04T00:00:52","guid":{"rendered":"https:\/\/www.radiosanctispiritus.cu\/es\/?p=41893"},"modified":"2025-02-03T16:48:05","modified_gmt":"2025-02-03T21:48:05","slug":"en-marcha-captacion-de-profesores-instructores-de-arte","status":"publish","type":"post","link":"https:\/\/www.radiosanctispiritus.cu\/es\/en-marcha-captacion-de-profesores-instructores-de-arte\/","title":{"rendered":"En marcha captaci\u00f3n de profesores instructores de arte"},"content":{"rendered":"<p>Paralelamente a los procesos formativos de la Escuela de Arte Ernesto Lecuona de Sancti Sp\u00edritus, se lleva a cabo hasta el mes de marzo el complejo proceso de captaci\u00f3n para la especialidad de Profesor Instructor de Arte. Seg\u00fan F\u00e9lix Ram\u00f3n Delgado Barrizontes, subdirector de Ense\u00f1anza Art\u00edstica en la provincia, este proceso ha sido adecuado y efectivo hasta cierto punto. <\/p>\n<p>\u00abHemos realizado un trabajo de identificaci\u00f3n y levantamiento en cada uno de los territorios, permitiendo a los estudiantes o aspirantes inscritos socializar la convocatoria y analizar las necesidades para enfrentar dicho proceso\u00bb, explic\u00f3 Delgado Barrizontes.<\/p>\n<p><iframe src=\"https:\/\/www.ivoox.com\/player_ej_139183232_6_1.html\" width=\"100%\" height=\"200\" frameborder=\"0\" allowfullscreen=\"\" scrolling=\"no\" loading=\"lazy\"><\/iframe><\/p>\n<p>La conformaci\u00f3n de los tribunales, integrados por los propios profesores del claustro y con el apoyo de los especialistas del Centro Provincial de Casas de Cultura, ha sido fundamental para este proceso. <\/p>\n<p>Una vez egresados, los estudiantes podr\u00e1n formar parte del sistema provincial de Casas de Cultura en el territorio.<\/p>\n<p>Despu\u00e9s de un a\u00f1o sin poder abrir la especialidad debido a la migraci\u00f3n de sus profesionales y la falta de una edificaci\u00f3n adecuada, se retoma este proyecto de gran importancia para Sancti Sp\u00edritus. <\/p>\n<p>A pesar de los avances, a\u00fan persisten deficiencias en la formaci\u00f3n vocacional en los centros de estudio y en el sistema de Casas de Cultura. <\/p>\n<p>La necesidad de readecuar los procesos de ingreso para la ense\u00f1anza art\u00edstica en el territorio es evidente.<\/p>\n<p>La especialidad de Profesor Instructor de Arte pretende abrir en septiembre con treinta nuevos estudiantes en la Escuela de Arte Ernesto Lecuona, la \u00fanica instituci\u00f3n del territorio perteneciente a la ense\u00f1anza art\u00edstica en la provincia. <\/p>\n<p>Aunque el edificio no cuenta con las condiciones \u00f3ptimas de albergue y aulas, se sigue apostando por la formaci\u00f3n de estos profesionales. \u00abLa cifra de estudiantes es \u00ednfima en comparaci\u00f3n con lo proyectado hasta 2030, lo que sigue siendo un obst\u00e1culo para la formaci\u00f3n en el territorio\u00bb, agreg\u00f3 Delgado Barrizontes.<\/p>\n<p>Se han valorado otras propuestas y espacios, aunque no cumplen con los requisitos necesarios y requieren altas cifras de inversi\u00f3n en reparaci\u00f3n y mantenimiento, adem\u00e1s de estar distantes del centro hist\u00f3rico de la ciudad. Muchos de los profesores son artistas en ejercicio, lo que a\u00f1ade valor a la ense\u00f1anza art\u00edstica en la regi\u00f3n.<\/p>\n","protected":false},"excerpt":{"rendered":"<p>La Escuela de Arte Ernesto Lecuona contin\u00faa con el proceso de adaptaci\u00f3n para formar profesores instructores de arte, apostando por la mejora continua y enfrentando los desaf\u00edos que se presentan en la formaci\u00f3n de estos profesionales culturales.<\/p>\n","protected":false},"author":12,"featured_media":34060,"comment_status":"open","ping_status":"open","sticky":false,"template":"","format":"standard","meta":{"_acf_changed":false,"footnotes":""},"categories":[6,14,9,8],"tags":[],"coauthors":[],"class_list":["post-41893","post","type-post","status-publish","format-standard","has-post-thumbnail","hentry","category-cultura","category-educacion","category-en-audio","category-noticia"],"acf":[],"_links":{"self":[{"href":"https:\/\/www.radiosanctispiritus.cu\/es\/wp-json\/wp\/v2\/posts\/41893","targetHints":{"allow":["GET"]}}],"collection":[{"href":"https:\/\/www.radiosanctispiritus.cu\/es\/wp-json\/wp\/v2\/posts"}],"about":[{"href":"https:\/\/www.radiosanctispiritus.cu\/es\/wp-json\/wp\/v2\/types\/post"}],"author":[{"embeddable":true,"href":"https:\/\/www.radiosanctispiritus.cu\/es\/wp-json\/wp\/v2\/users\/12"}],"replies":[{"embeddable":true,"href":"https:\/\/www.radiosanctispiritus.cu\/es\/wp-json\/wp\/v2\/comments?post=41893"}],"version-history":[{"count":0,"href":"https:\/\/www.radiosanctispiritus.cu\/es\/wp-json\/wp\/v2\/posts\/41893\/revisions"}],"wp:featuredmedia":[{"embeddable":true,"href":"https:\/\/www.radiosanctispiritus.cu\/es\/wp-json\/wp\/v2\/media\/34060"}],"wp:attachment":[{"href":"https:\/\/www.radiosanctispiritus.cu\/es\/wp-json\/wp\/v2\/media?parent=41893"}],"wp:term":[{"taxonomy":"category","embeddable":true,"href":"https:\/\/www.radiosanctispiritus.cu\/es\/wp-json\/wp\/v2\/categories?post=41893"},{"taxonomy":"post_tag","embeddable":true,"href":"https:\/\/www.radiosanctispiritus.cu\/es\/wp-json\/wp\/v2\/tags?post=41893"},{"taxonomy":"author","embeddable":true,"href":"https:\/\/www.radiosanctispiritus.cu\/es\/wp-json\/wp\/v2\/coauthors?post=41893"}],"curies":[{"name":"wp","href":"https:\/\/api.w.org\/{rel}","templated":true}]}}