{"id":41779,"date":"2025-01-31T22:23:37","date_gmt":"2025-02-01T03:23:37","guid":{"rendered":"https:\/\/www.radiosanctispiritus.cu\/es\/?p=41779"},"modified":"2025-01-31T23:13:29","modified_gmt":"2025-02-01T04:13:29","slug":"sociedad-cultural-jose-marti-por-ampliar-su-alcance-comunitario-en-yaguajay","status":"publish","type":"post","link":"https:\/\/www.radiosanctispiritus.cu\/es\/sociedad-cultural-jose-marti-por-ampliar-su-alcance-comunitario-en-yaguajay\/","title":{"rendered":"Sociedad Cultural Jos\u00e9 Mart\u00ed por ampliar su alcance comunitario en Yaguajay"},"content":{"rendered":"<p>Durante el a\u00f1o pasado, los m\u00e1s de 90 miembros de la Sociedad Cultural Jos\u00e9 Mart\u00ed P\u00e9rez de Yaguajay realizaron una ardua labor ideol\u00f3gica en las comunidades. Para este 2025, tienen como perspectiva continuar extendi\u00e9ndose con el objetivo de demarcarse del contexto de la cabecera municipal.<\/p>\n<p>Seg\u00fan la presidenta de la asociaci\u00f3n, Elvia Rodr\u00edguez Carballo, durante el 2024 el trabajo con los j\u00f3venes fue constante. Este acercamiento se produjo a partir de actividades m\u00e1s enfocadas en lo cualitativo, desarrolladas en asentamientos como J\u00facaro, La Finca, La Milagrosa, Boquerones y La Picadora.<\/p>\n<p><iframe src=\"https:\/\/www.ivoox.com\/player_ej_139064300_6_1.html?c1=7a0d0b\" width=\"100%\" height=\"200\" frameborder=\"0\" scrolling=\"no\" allowfullscreen=\"allowfullscreen\"><\/iframe><\/p>\n<p>En este 2025, Rodr\u00edguez Carballo resalt\u00f3 el evento \u00abPor los caminos del maestro\u00bb en la Biblioteca Municipal Juan Oscar Alvarado Miranda, destacando la participaci\u00f3n de alrededor de dos centenares de personas. Adem\u00e1s, mencion\u00f3 que para lograr sus objetivos este a\u00f1o, cuentan con el apoyo de la Direcci\u00f3n de Cultura Municipal, Educaci\u00f3n y la Asociaci\u00f3n de Combatientes de la Revoluci\u00f3n Cubana.<\/p>\n<p>Rodr\u00edguez Carballo hizo un llamado a las nuevas generaciones a preservar y estudiar la vida y obra del h\u00e9roe nacional, Jos\u00e9 Mart\u00ed, por su relevancia pol\u00edtica e ideol\u00f3gica actual.<\/p>\n<p><strong>(Con informaci\u00f3n de Mar\u00eda Isabel Morales)<\/strong><\/p>\n","protected":false},"excerpt":{"rendered":"<p>Durante el a\u00f1o pasado, los m\u00e1s de 90 miembros de la Sociedad Cultural Jos\u00e9 Mart\u00ed P\u00e9rez de Yaguajay realizaron una ardua labor ideol\u00f3gica en las comunidades. Para este 2025, tienen como perspectiva continuar extendi\u00e9ndose con el objetivo de demarcarse del contexto de la cabecera municipal.<\/p>\n","protected":false},"author":4,"featured_media":41786,"comment_status":"open","ping_status":"open","sticky":false,"template":"","format":"standard","meta":{"_acf_changed":false,"footnotes":""},"categories":[9,8,1],"tags":[439,106],"coauthors":[],"class_list":["post-41779","post","type-post","status-publish","format-standard","has-post-thumbnail","hentry","category-en-audio","category-noticia","category-sancti-spiritus","tag-sociedad-cultural-jose-marti","tag-yaguajay"],"acf":[],"_links":{"self":[{"href":"https:\/\/www.radiosanctispiritus.cu\/es\/wp-json\/wp\/v2\/posts\/41779","targetHints":{"allow":["GET"]}}],"collection":[{"href":"https:\/\/www.radiosanctispiritus.cu\/es\/wp-json\/wp\/v2\/posts"}],"about":[{"href":"https:\/\/www.radiosanctispiritus.cu\/es\/wp-json\/wp\/v2\/types\/post"}],"author":[{"embeddable":true,"href":"https:\/\/www.radiosanctispiritus.cu\/es\/wp-json\/wp\/v2\/users\/4"}],"replies":[{"embeddable":true,"href":"https:\/\/www.radiosanctispiritus.cu\/es\/wp-json\/wp\/v2\/comments?post=41779"}],"version-history":[{"count":0,"href":"https:\/\/www.radiosanctispiritus.cu\/es\/wp-json\/wp\/v2\/posts\/41779\/revisions"}],"wp:featuredmedia":[{"embeddable":true,"href":"https:\/\/www.radiosanctispiritus.cu\/es\/wp-json\/wp\/v2\/media\/41786"}],"wp:attachment":[{"href":"https:\/\/www.radiosanctispiritus.cu\/es\/wp-json\/wp\/v2\/media?parent=41779"}],"wp:term":[{"taxonomy":"category","embeddable":true,"href":"https:\/\/www.radiosanctispiritus.cu\/es\/wp-json\/wp\/v2\/categories?post=41779"},{"taxonomy":"post_tag","embeddable":true,"href":"https:\/\/www.radiosanctispiritus.cu\/es\/wp-json\/wp\/v2\/tags?post=41779"},{"taxonomy":"author","embeddable":true,"href":"https:\/\/www.radiosanctispiritus.cu\/es\/wp-json\/wp\/v2\/coauthors?post=41779"}],"curies":[{"name":"wp","href":"https:\/\/api.w.org\/{rel}","templated":true}]}}