{"id":41601,"date":"2025-01-29T04:48:07","date_gmt":"2025-01-29T09:48:07","guid":{"rendered":"https:\/\/www.radiosanctispiritus.cu\/es\/?p=41601"},"modified":"2025-01-28T22:25:09","modified_gmt":"2025-01-29T03:25:09","slug":"tuinucu-con-olor-a-melaza","status":"publish","type":"post","link":"https:\/\/www.radiosanctispiritus.cu\/es\/tuinucu-con-olor-a-melaza\/","title":{"rendered":"Tuinuc\u00fa, con olor a melaza"},"content":{"rendered":"<p>Tuinuc\u00fa naci\u00f3 al lado de un trapiche. Hace m\u00e1s de tres siglos, un pu\u00f1ado de esclavos ya mov\u00edan las ruedas dentadas, con pasos cansinos y torsos semidesnudos. As\u00ed, los negros trituraban la ca\u00f1a para sacarle el jugo; as\u00ed, los blancos trituraban a los negros para sacarles el jugo a los negros y a la ca\u00f1a.<\/p>\n<p>A partir de 1910, el batey de Tuinuc\u00fa tom\u00f3 cuerpo con la construcci\u00f3n de la iglesia, tienda de v\u00edveres, calles, escuela, los barracones para los obreros, quienes laboraban hasta 12 horas al d\u00eda, seg\u00fan las leyes de los Rionda.<\/p>\n<p>A instancias de la acaudalada familia, arrib\u00f3 al batey el ingeniero estadounidense Frank H. Jones para supervisar el sistema el\u00e9ctrico del central. El Americano \u2014como lo nombraban\u2014 situ\u00f3 a Tuinuc\u00fa, a la postre, en el mapa de las comunicaciones del pa\u00eds al protagonizar la primera transmisi\u00f3n radial de onda corta con car\u00e1cter experimental en Cuba en 1912.<\/p>\n<p>Once a\u00f1os despu\u00e9s, el 9 de marzo de 1923 el propio Jones sac\u00f3 al aire oficialmente la emisora 6KW, la primera de su tipo en la actual provincia espirituana. Frente al micr\u00f3fono, dos notables de la trova cubana: Rafael G\u00f3mez Mayea (Teofilito) y Alfredo Varona.<\/p>\n<p>Capaz de cantarle las cuarenta al m\u00e1s pinto de la paloma, el pinare\u00f1o Melanio Hern\u00e1ndez puso los pies en el batey en los a\u00f1os treinta y, junto a Jes\u00fas Men\u00e9ndez, l\u00edder obrero que tambi\u00e9n cortaba por lo sano con la misma fuerza que derribaba plantones de ca\u00f1a, logr\u00f3 el reconocimiento del sindicato por la administraci\u00f3n del central en 1934. Paros y huelgas se tornaron cotidianos en la d\u00e9cada de los 40, cuyo cl\u00edmax result\u00f3 la protesta por el pago del Diferencial Azucarero en enero de 1948, encabezada por Armando Acosta.<br \/>\nDos meses m\u00e1s tarde, naci\u00f3 a la sombra de las torres del ingenio Jos\u00e9 Antonio Huelga. Bautizado por Fidel como el H\u00e9roe de Cartagena, gracias a sus dos memorables victorias frente a Estados Unidos en la XVIII Serie Mundial de Colombia, en 1970, a este lanzador la muerte lo sac\u00f3 del box cuando ten\u00eda apenas 26 a\u00f1os.<\/p>\n<p>Al contrario le sucedi\u00f3 a la tambi\u00e9n lugare\u00f1a Mar\u00eda \u00c1lvarez R\u00edos, fallecida a los 91 a\u00f1os en 2010. Compositora, pianista y pedagoga, fund\u00f3 el grupo Me\u00f1ique; una de sus creaciones de excelencia.<\/p>\n<p>Son retazos de una historia mayor, mirada con lupa por el estudioso local Santiago Serrano. Una historia que naci\u00f3 a los pies del central y que no debe escabullirse como lo hacen las aguas del r\u00edo Tuinuc\u00fa en el bols\u00f3n de la presa Zaza. Son trazos de la historia del \u00fanico batey azucarero que queda con vida en la comarca espirituana.<\/p>\n","protected":false},"excerpt":{"rendered":"<p>Tuinuc\u00fa naci\u00f3 al lado de un trapiche. Hace m\u00e1s de tres siglos, un pu\u00f1ado de esclavos ya mov\u00edan las ruedas dentadas, con pasos cansinos y torsos semidesnudos. As\u00ed, los negros trituraban la ca\u00f1a para sacarle el jugo; as\u00ed, los blancos trituraban a los negros para sacarles el jugo a los negros y a la ca\u00f1a.<\/p>\n","protected":false},"author":16,"featured_media":41612,"comment_status":"open","ping_status":"open","sticky":false,"template":"","format":"standard","meta":{"_acf_changed":false,"footnotes":""},"categories":[1],"tags":[],"coauthors":[],"class_list":["post-41601","post","type-post","status-publish","format-standard","has-post-thumbnail","hentry","category-sancti-spiritus"],"acf":[],"_links":{"self":[{"href":"https:\/\/www.radiosanctispiritus.cu\/es\/wp-json\/wp\/v2\/posts\/41601","targetHints":{"allow":["GET"]}}],"collection":[{"href":"https:\/\/www.radiosanctispiritus.cu\/es\/wp-json\/wp\/v2\/posts"}],"about":[{"href":"https:\/\/www.radiosanctispiritus.cu\/es\/wp-json\/wp\/v2\/types\/post"}],"author":[{"embeddable":true,"href":"https:\/\/www.radiosanctispiritus.cu\/es\/wp-json\/wp\/v2\/users\/16"}],"replies":[{"embeddable":true,"href":"https:\/\/www.radiosanctispiritus.cu\/es\/wp-json\/wp\/v2\/comments?post=41601"}],"version-history":[{"count":0,"href":"https:\/\/www.radiosanctispiritus.cu\/es\/wp-json\/wp\/v2\/posts\/41601\/revisions"}],"wp:featuredmedia":[{"embeddable":true,"href":"https:\/\/www.radiosanctispiritus.cu\/es\/wp-json\/wp\/v2\/media\/41612"}],"wp:attachment":[{"href":"https:\/\/www.radiosanctispiritus.cu\/es\/wp-json\/wp\/v2\/media?parent=41601"}],"wp:term":[{"taxonomy":"category","embeddable":true,"href":"https:\/\/www.radiosanctispiritus.cu\/es\/wp-json\/wp\/v2\/categories?post=41601"},{"taxonomy":"post_tag","embeddable":true,"href":"https:\/\/www.radiosanctispiritus.cu\/es\/wp-json\/wp\/v2\/tags?post=41601"},{"taxonomy":"author","embeddable":true,"href":"https:\/\/www.radiosanctispiritus.cu\/es\/wp-json\/wp\/v2\/coauthors?post=41601"}],"curies":[{"name":"wp","href":"https:\/\/api.w.org\/{rel}","templated":true}]}}