{"id":41474,"date":"2025-01-27T16:59:32","date_gmt":"2025-01-27T21:59:32","guid":{"rendered":"https:\/\/www.radiosanctispiritus.cu\/es\/?p=41474"},"modified":"2025-01-27T17:04:57","modified_gmt":"2025-01-27T22:04:57","slug":"cerro-sus-puertas-en-sancti-spiritus-concurso-nacional-de-cocteleria","status":"publish","type":"post","link":"https:\/\/www.radiosanctispiritus.cu\/es\/cerro-sus-puertas-en-sancti-spiritus-concurso-nacional-de-cocteleria\/","title":{"rendered":"Cerr\u00f3 sus puertas en Sancti Sp\u00edritus concurso nacional de cocteler\u00eda"},"content":{"rendered":"<p>El Campeonato Nacional de Cocteler\u00eda Fabio Delgado In Memoriam cerr\u00f3 sus puertas en Sancti Sp\u00edritus con el compromiso de preservar el buen arte de la especialidad como un s\u00edmbolo cultural de la naci\u00f3n.<\/p>\n<p><iframe src=\"https:\/\/www.ivoox.com\/player_ej_138797702_6_1.html?c1=7a0d0b\" width=\"100%\" height=\"200\" frameborder=\"0\" scrolling=\"no\" allowfullscreen=\"allowfullscreen\"><\/iframe><\/p>\n","protected":false},"excerpt":{"rendered":"<p>El Campeonato Nacional de Cocteler\u00eda Fabio Delgado In Memoriam cerr\u00f3 sus puertas en Sancti Sp\u00edritus con el compromiso de preservar el buen arte de la especialidad como un s\u00edmbolo cultural de la naci\u00f3n.<\/p>\n","protected":false},"author":28,"featured_media":41475,"comment_status":"open","ping_status":"open","sticky":false,"template":"","format":"standard","meta":{"_acf_changed":false,"footnotes":""},"categories":[9,8,1,1170],"tags":[1630,23],"coauthors":[],"class_list":["post-41474","post","type-post","status-publish","format-standard","has-post-thumbnail","hentry","category-en-audio","category-noticia","category-sancti-spiritus","category-turismo","tag-asociacion-de-cantineros","tag-turismo"],"acf":[],"_links":{"self":[{"href":"https:\/\/www.radiosanctispiritus.cu\/es\/wp-json\/wp\/v2\/posts\/41474","targetHints":{"allow":["GET"]}}],"collection":[{"href":"https:\/\/www.radiosanctispiritus.cu\/es\/wp-json\/wp\/v2\/posts"}],"about":[{"href":"https:\/\/www.radiosanctispiritus.cu\/es\/wp-json\/wp\/v2\/types\/post"}],"author":[{"embeddable":true,"href":"https:\/\/www.radiosanctispiritus.cu\/es\/wp-json\/wp\/v2\/users\/28"}],"replies":[{"embeddable":true,"href":"https:\/\/www.radiosanctispiritus.cu\/es\/wp-json\/wp\/v2\/comments?post=41474"}],"version-history":[{"count":0,"href":"https:\/\/www.radiosanctispiritus.cu\/es\/wp-json\/wp\/v2\/posts\/41474\/revisions"}],"wp:featuredmedia":[{"embeddable":true,"href":"https:\/\/www.radiosanctispiritus.cu\/es\/wp-json\/wp\/v2\/media\/41475"}],"wp:attachment":[{"href":"https:\/\/www.radiosanctispiritus.cu\/es\/wp-json\/wp\/v2\/media?parent=41474"}],"wp:term":[{"taxonomy":"category","embeddable":true,"href":"https:\/\/www.radiosanctispiritus.cu\/es\/wp-json\/wp\/v2\/categories?post=41474"},{"taxonomy":"post_tag","embeddable":true,"href":"https:\/\/www.radiosanctispiritus.cu\/es\/wp-json\/wp\/v2\/tags?post=41474"},{"taxonomy":"author","embeddable":true,"href":"https:\/\/www.radiosanctispiritus.cu\/es\/wp-json\/wp\/v2\/coauthors?post=41474"}],"curies":[{"name":"wp","href":"https:\/\/api.w.org\/{rel}","templated":true}]}}