{"id":41446,"date":"2025-01-27T07:07:32","date_gmt":"2025-01-27T12:07:32","guid":{"rendered":"https:\/\/www.radiosanctispiritus.cu\/es\/?p=41446"},"modified":"2025-01-27T07:17:45","modified_gmt":"2025-01-27T12:17:45","slug":"recibe-presidente-cubano-orden-del-patriarca-ecumenico-bartolomeo","status":"publish","type":"post","link":"https:\/\/www.radiosanctispiritus.cu\/es\/recibe-presidente-cubano-orden-del-patriarca-ecumenico-bartolomeo\/","title":{"rendered":"Recibe presidente cubano Orden del Patriarca Ecum\u00e9nico Bartolomeo"},"content":{"rendered":"<p>Miguel D\u00edaz-Canel Berm\u00fadez, primer secretario del Comit\u00e9 Central del Partido Comunista de Cuba (PCC) y presidente de la Rep\u00fablica, recibi\u00f3 este domingo la Orden del Patriarca Ecum\u00e9nico Bartolomeo, Estrella, en reconocimiento al apoyo que el Estado cubano ha brindado a la Iglesia ortodoxa griega en el pa\u00eds.<\/p>\n<p>D\u00edaz-Canel asisti\u00f3 en La Habana a las actividades de clausura de las celebraciones por las dos d\u00e9cadas de la consagraci\u00f3n de la Sacra Catedral Ortodoxa Griega San Nicol\u00e1s de Myra, iniciadas el pasado d\u00eda 23, durante las cuales se ha conmemorado el encuentro hist\u00f3rico entre el Comandante en Jefe Fidel Castro y el sant\u00edsimo patriarca ecum\u00e9nico Bartolomeo.<\/p>\n<p>En la Sacra Iglesia Catedral Ortodoxa Griega San Nicol\u00e1s de Myra, consagrada hace dos d\u00e9cadas en el Centro Hist\u00f3rico Habanero, el mandatario cubano fue recibido por el arzobispo de Iglesia ortodoxa griega en Australia, Makarios, enviado del patriarca Bartolomeo a las jornadas conmemorativas.<\/p>\n<p>Participaron en el encuentro, adem\u00e1s, representantes del Patriarcado Ecum\u00e9nico y la arquidi\u00f3cesis ortodoxa griega en Australia, del Sacro Arzobispado Ortodoxo Griego de M\u00e9xico, Centroam\u00e9rica y el Caribe y el Obispado de Myrinis Regional para Cuba y todo el Caribe.<\/p>\n<p>Tambi\u00e9n estaban presentes miembros del Partido Comunista de Cuba y del Gobierno de la capital.<\/p>\n<p>Al imponer la distinci\u00f3n a D\u00edaz-Canel, el arzobispo Makarios destac\u00f3 que es un reconocimiento por la colaboraci\u00f3n de la Revoluci\u00f3n con el Patriarcado de Constantinopla, al acoger con benepl\u00e1cito el templo desde hace 20 a\u00f1os.<\/p>\n<p>Makarios sostuvo que Cuba es una isla ecum\u00e9nica donde se respira el respeto por la diversidad religiosa y dijo estar seguro que nuestro pueblo saldr\u00e1 adelante.<\/p>\n<p>Por su parte, D\u00edaz Canel agradeci\u00f3 la posici\u00f3n hist\u00f3rica del Patriarcado de\u00a0 Constantinopla contra las medidas coercitivas unilateral impuestas a Cuba y record\u00f3 el hist\u00f3rico encuentro entre Fidel y Su Toda Santidad Bartolomeo.<\/p>\n<p>Tambi\u00e9n destac\u00f3 las coincidencias de principios entre la Revoluci\u00f3n cubana y el Patriarcado Ecum\u00e9nico en temas como la coexistencia pac\u00edfica y la protecci\u00f3n del medioambiente.<\/p>\n","protected":false},"excerpt":{"rendered":"<p>Miguel D\u00edaz-Canel Berm\u00fadez, primer secretario del Comit\u00e9 Central del Partido Comunista de Cuba (PCC) y presidente de la Rep\u00fablica, recibi\u00f3 este domingo la Orden del Patriarca Ecum\u00e9nico Bartolomeo, Estrella, en reconocimiento al apoyo que el Estado cubano ha brindado a la Iglesia ortodoxa griega en el pa\u00eds.<\/p>\n","protected":false},"author":26,"featured_media":41447,"comment_status":"open","ping_status":"open","sticky":false,"template":"","format":"standard","meta":{"_acf_changed":false,"footnotes":""},"categories":[3,8],"tags":[629,28],"coauthors":[],"class_list":["post-41446","post","type-post","status-publish","format-standard","has-post-thumbnail","hentry","category-cuba","category-noticia","tag-cuba-religion","tag-miguel-diaz-canel"],"acf":[],"_links":{"self":[{"href":"https:\/\/www.radiosanctispiritus.cu\/es\/wp-json\/wp\/v2\/posts\/41446","targetHints":{"allow":["GET"]}}],"collection":[{"href":"https:\/\/www.radiosanctispiritus.cu\/es\/wp-json\/wp\/v2\/posts"}],"about":[{"href":"https:\/\/www.radiosanctispiritus.cu\/es\/wp-json\/wp\/v2\/types\/post"}],"author":[{"embeddable":true,"href":"https:\/\/www.radiosanctispiritus.cu\/es\/wp-json\/wp\/v2\/users\/26"}],"replies":[{"embeddable":true,"href":"https:\/\/www.radiosanctispiritus.cu\/es\/wp-json\/wp\/v2\/comments?post=41446"}],"version-history":[{"count":0,"href":"https:\/\/www.radiosanctispiritus.cu\/es\/wp-json\/wp\/v2\/posts\/41446\/revisions"}],"wp:featuredmedia":[{"embeddable":true,"href":"https:\/\/www.radiosanctispiritus.cu\/es\/wp-json\/wp\/v2\/media\/41447"}],"wp:attachment":[{"href":"https:\/\/www.radiosanctispiritus.cu\/es\/wp-json\/wp\/v2\/media?parent=41446"}],"wp:term":[{"taxonomy":"category","embeddable":true,"href":"https:\/\/www.radiosanctispiritus.cu\/es\/wp-json\/wp\/v2\/categories?post=41446"},{"taxonomy":"post_tag","embeddable":true,"href":"https:\/\/www.radiosanctispiritus.cu\/es\/wp-json\/wp\/v2\/tags?post=41446"},{"taxonomy":"author","embeddable":true,"href":"https:\/\/www.radiosanctispiritus.cu\/es\/wp-json\/wp\/v2\/coauthors?post=41446"}],"curies":[{"name":"wp","href":"https:\/\/api.w.org\/{rel}","templated":true}]}}