{"id":41426,"date":"2025-01-27T07:00:03","date_gmt":"2025-01-27T12:00:03","guid":{"rendered":"https:\/\/www.radiosanctispiritus.cu\/es\/?p=41426"},"modified":"2025-01-27T07:55:17","modified_gmt":"2025-01-27T12:55:17","slug":"jovenes-espirituanos-ultiman-detalles-para-la-marcha-de-las-antorchas","status":"publish","type":"post","link":"https:\/\/www.radiosanctispiritus.cu\/es\/jovenes-espirituanos-ultiman-detalles-para-la-marcha-de-las-antorchas\/","title":{"rendered":"J\u00f3venes espirituanos protagonizar\u00e1n esta noche la Marcha de las Antorchas"},"content":{"rendered":"<p>A pocas horas de celebrar el aniversario 172 del natalicio de Jos\u00e9 Mart\u00ed, los j\u00f3venes espirituanos, al igual que los de toda Cuba, se alistan para protagonizar este lunes 27 de enero la tradicional Marcha de las Antorchas.<\/p>\n<p>El primer secretario de la Uni\u00f3n de J\u00f3venes Comunistas en la provincia, Abr\u00e1n S\u00e1nchez Gonz\u00e1lez, destac\u00f3 al respecto que todo est\u00e1 listo para concentrarse a partir de las siete de la noche en la carretera central con la intersecci\u00f3n del paseo.<\/p>\n<p><iframe src=\"https:\/\/www.ivoox.com\/player_ej_138449344_6_1.html?c1=7a0d0b\" width=\"100%\" height=\"200\" frameborder=\"0\" scrolling=\"no\" allowfullscreen=\"allowfullscreen\"><\/iframe><\/p>\n<p>La marcha se dirigir\u00e1 hacia el parque Seraf\u00edn S\u00e1nchez Valdivia donde, como bien lo caracteriza el eslogan de esta campa\u00f1a, _\u201cUn fuego siempre joven\u201d_, se llevar\u00e1 la iniciativa con colorido, entusiasmo y una convicci\u00f3n profunda de rendir homenaje al m\u00e1s universal de todos los cubanos: el Ap\u00f3stol de la Independencia.<\/p>\n<p>El m\u00e1s joven relevo tambi\u00e9n rendir\u00e1 tributo al Maestro este veintiocho de enero al amanecer, con actos en comunidades y poblados, adem\u00e1s del tradicional desfile pioneril en homenaje al setenta y dos aniversario del natalicio del Ap\u00f3stol de la Independencia.<\/p>\n<p>En toda la provincia, desde sus colectivos pioneriles, se celebrar\u00e1n actos en tributo a Jos\u00e9 Mart\u00ed, donde los ni\u00f1os, adolescentes y j\u00f3venes tendr\u00e1n la oportunidad de reflejar diferentes obras martianas y respaldar todo el proceso revolucionario y la lucha de resistencia del heroico pueblo cubano.<\/p>\n<p>La convocatoria es clara: \u201cUn fuego siempre joven\u201d, como motivaci\u00f3n especial para rendir homenaje al m\u00e1s universal de todos los cubanos, a nuestro eterno Ap\u00f3stol de la Independencia, Jos\u00e9 Mart\u00ed. Estos ser\u00e1n momentos donde se reafirmar\u00e1 la vigencia del pensamiento del Ap\u00f3stol en las nuevas generaciones de cubanos a ciento setenta y dos a\u00f1os de su natalicio.<\/p>\n","protected":false},"excerpt":{"rendered":"<p>A pocas horas de celebrar el aniversario 172 del natalicio de Jos\u00e9 Mart\u00ed, los j\u00f3venes espirituanos, al igual que los de toda Cuba, se alistan para protagonizar este lunes 27 de enero la tradicional Marcha de las Antorchas. <\/p>\n","protected":false},"author":8,"featured_media":21481,"comment_status":"open","ping_status":"open","sticky":false,"template":"","format":"standard","meta":{"_acf_changed":false,"footnotes":""},"categories":[9,8,1],"tags":[636,635],"coauthors":[],"class_list":["post-41426","post","type-post","status-publish","format-standard","has-post-thumbnail","hentry","category-en-audio","category-noticia","category-sancti-spiritus","tag-jose-marti","tag-marcha-de-las-antorchas"],"acf":[],"_links":{"self":[{"href":"https:\/\/www.radiosanctispiritus.cu\/es\/wp-json\/wp\/v2\/posts\/41426","targetHints":{"allow":["GET"]}}],"collection":[{"href":"https:\/\/www.radiosanctispiritus.cu\/es\/wp-json\/wp\/v2\/posts"}],"about":[{"href":"https:\/\/www.radiosanctispiritus.cu\/es\/wp-json\/wp\/v2\/types\/post"}],"author":[{"embeddable":true,"href":"https:\/\/www.radiosanctispiritus.cu\/es\/wp-json\/wp\/v2\/users\/8"}],"replies":[{"embeddable":true,"href":"https:\/\/www.radiosanctispiritus.cu\/es\/wp-json\/wp\/v2\/comments?post=41426"}],"version-history":[{"count":0,"href":"https:\/\/www.radiosanctispiritus.cu\/es\/wp-json\/wp\/v2\/posts\/41426\/revisions"}],"wp:featuredmedia":[{"embeddable":true,"href":"https:\/\/www.radiosanctispiritus.cu\/es\/wp-json\/wp\/v2\/media\/21481"}],"wp:attachment":[{"href":"https:\/\/www.radiosanctispiritus.cu\/es\/wp-json\/wp\/v2\/media?parent=41426"}],"wp:term":[{"taxonomy":"category","embeddable":true,"href":"https:\/\/www.radiosanctispiritus.cu\/es\/wp-json\/wp\/v2\/categories?post=41426"},{"taxonomy":"post_tag","embeddable":true,"href":"https:\/\/www.radiosanctispiritus.cu\/es\/wp-json\/wp\/v2\/tags?post=41426"},{"taxonomy":"author","embeddable":true,"href":"https:\/\/www.radiosanctispiritus.cu\/es\/wp-json\/wp\/v2\/coauthors?post=41426"}],"curies":[{"name":"wp","href":"https:\/\/api.w.org\/{rel}","templated":true}]}}