{"id":41322,"date":"2025-01-24T09:09:40","date_gmt":"2025-01-24T14:09:40","guid":{"rendered":"https:\/\/www.radiosanctispiritus.cu\/es\/?p=41322"},"modified":"2025-01-24T11:29:28","modified_gmt":"2025-01-24T16:29:28","slug":"acoge-sancti-spiritus-por-primera-vez-campeonato-nacional-de-cantineros","status":"publish","type":"post","link":"https:\/\/www.radiosanctispiritus.cu\/es\/acoge-sancti-spiritus-por-primera-vez-campeonato-nacional-de-cantineros\/","title":{"rendered":"Acoge Sancti Sp\u00edritus por primera vez Campeonato Nacional de Cantineros"},"content":{"rendered":"<p>Por primera vez, Sancti Sp\u00edritus acoge hasta este 26 de enero el Campeonato Nacional Fabio Delgado In Memoriam, evento de mayor prestigio de la Asociaci\u00f3n de Cantineros de Cuba y que usualmente se celebra en la capital del pa\u00eds. All\u00ed se dan cita veinticinco cantineros de Cuba, seleccionados entre los mejores de sus \u00f3rganos de base distribuidos por diversas provincias.<\/p>\n<p>Maribel Reynoso Medina, presidenta de la Asociaci\u00f3n de Cantineros en Sancti Sp\u00edritus, dijo que el certamen supone un homenaje a la rica cultura y tradici\u00f3n de la cocteler\u00eda en Cuba y se mostrar\u00e1n habilidades de creatividad y destreza detr\u00e1s de la barra.<\/p>\n<p>\u00abNosotros, por el buen trabajo realizado con la entrega a nivel nacional de toda la documentaci\u00f3n, por todos los eventos en los que hemos participado, por la capacitaci\u00f3n y por el buen logro que hemos tenido cuando contamos con restaurante propio, hemos sido escogidos como sede. Havana Club es el patrocinador de este evento que re\u00fane a lo mejor de la mixolog\u00eda cubana. Este evento tiene car\u00e1cter internacional y el que gane en este evento en primer lugar ir\u00e1 a Barranquilla, Colombia, para competir en el Mundial. El segundo lugar participar\u00e1 en el Panamericano que se celebrar\u00e1 en Chile. Por eso, nosotros y el patrocinador principal, Havana Club, estamos muy entusiasmados\u00bb, afirm\u00f3.<\/p>\n<p><iframe src=\"https:\/\/www.ivoox.com\/player_ej_138113196_6_1.html?c1=7a0d0b\" width=\"100%\" height=\"200\" frameborder=\"0\" scrolling=\"no\" allowfullscreen=\"allowfullscreen\"><\/iframe><\/p>\n","protected":false},"excerpt":{"rendered":"<p>Por primera vez, Sancti Sp\u00edritus acoge hasta este 26 de enero el Campeonato Nacional Fabio Delgado In Memoriam, evento de mayor prestigio de la Asociaci\u00f3n de Cantineros de Cuba y que usualmente se celebra en la capital del pa\u00eds.<\/p>\n","protected":false},"author":28,"featured_media":40323,"comment_status":"open","ping_status":"open","sticky":false,"template":"","format":"standard","meta":{"_acf_changed":false,"footnotes":""},"categories":[9,8,1],"tags":[1630],"coauthors":[],"class_list":["post-41322","post","type-post","status-publish","format-standard","has-post-thumbnail","hentry","category-en-audio","category-noticia","category-sancti-spiritus","tag-asociacion-de-cantineros"],"acf":[],"_links":{"self":[{"href":"https:\/\/www.radiosanctispiritus.cu\/es\/wp-json\/wp\/v2\/posts\/41322","targetHints":{"allow":["GET"]}}],"collection":[{"href":"https:\/\/www.radiosanctispiritus.cu\/es\/wp-json\/wp\/v2\/posts"}],"about":[{"href":"https:\/\/www.radiosanctispiritus.cu\/es\/wp-json\/wp\/v2\/types\/post"}],"author":[{"embeddable":true,"href":"https:\/\/www.radiosanctispiritus.cu\/es\/wp-json\/wp\/v2\/users\/28"}],"replies":[{"embeddable":true,"href":"https:\/\/www.radiosanctispiritus.cu\/es\/wp-json\/wp\/v2\/comments?post=41322"}],"version-history":[{"count":0,"href":"https:\/\/www.radiosanctispiritus.cu\/es\/wp-json\/wp\/v2\/posts\/41322\/revisions"}],"wp:featuredmedia":[{"embeddable":true,"href":"https:\/\/www.radiosanctispiritus.cu\/es\/wp-json\/wp\/v2\/media\/40323"}],"wp:attachment":[{"href":"https:\/\/www.radiosanctispiritus.cu\/es\/wp-json\/wp\/v2\/media?parent=41322"}],"wp:term":[{"taxonomy":"category","embeddable":true,"href":"https:\/\/www.radiosanctispiritus.cu\/es\/wp-json\/wp\/v2\/categories?post=41322"},{"taxonomy":"post_tag","embeddable":true,"href":"https:\/\/www.radiosanctispiritus.cu\/es\/wp-json\/wp\/v2\/tags?post=41322"},{"taxonomy":"author","embeddable":true,"href":"https:\/\/www.radiosanctispiritus.cu\/es\/wp-json\/wp\/v2\/coauthors?post=41322"}],"curies":[{"name":"wp","href":"https:\/\/api.w.org\/{rel}","templated":true}]}}