{"id":41043,"date":"2025-01-23T05:07:49","date_gmt":"2025-01-23T10:07:49","guid":{"rendered":"https:\/\/www.radiosanctispiritus.cu\/es\/?p=41043"},"modified":"2025-01-23T06:07:42","modified_gmt":"2025-01-23T11:07:42","slug":"nene-el-de-la-conga","status":"publish","type":"post","link":"https:\/\/www.radiosanctispiritus.cu\/es\/nene-el-de-la-conga\/","title":{"rendered":"Nen\u00e9, el de la Conga"},"content":{"rendered":"<p>Se ha dicho que este a\u00f1o S\u00ed. Que este a\u00f1o volver\u00e1 a realizarse el Santiago Espirituano. Si de verdad se logra \u2013 que no lo pongo en duda- en ese Santiago estar\u00e1 presente el recuerdo de Raimundo Valle Pina; Nen\u00e9 el de la Conga, como se le conoci\u00f3.<\/p>\n<p>Nacido el 23 de enero de 1932 hoy estar\u00eda celebrando su aniversario 93.<\/p>\n<p>Su sepelio, en marzo del 2008, convertido en una expresi\u00f3n popular de cultura y agradecimiento lo despidi\u00f3 de nosotros f\u00edsicamente.<\/p>\n<p>En estas calles, en cada Santiago Espirituano o fecha significativa volver\u00e1 con el clamor de los tambores porque su nombre siempre estuvo ligado a la m\u00fasica.<\/p>\n<p>De un car\u00e1cter sobrio, respetado por todos, su conga recorr\u00eda la ciudad mientras \u00e9l con su inseparable bast\u00f3n marcaba el ritmo imponiendo una autoridad incuestionable y f\u00e9rrea en un sitio donde corr\u00eda el ron y se exacerbaban los \u00e1nimos al comp\u00e1s de los cueros.<\/p>\n<p>Nen\u00e9 era un hombre humilde; carpintero que no abandon\u00f3 nunca el trabajo. Su casa y su coraz\u00f3n estaban abiertos de par en par a sus amigos y a la cultura afrocubana.<\/p>\n<p>Desandaba la provincia y el pa\u00eds con su conga, una casi orquesta sinf\u00f3nica con cuarenta m\u00fasicos que hac\u00edan temblar la tierra mientras el pueblo \u201ccorr\u00eda\u201d el Santiago tras ellos. De eso pueden dar fe los sorprendidos habaneros, gente brava a la hora de arrollar; sorprendidos una buena noche por aquella conga fantasma que en pleno carnaval les iba a bailar en casa del trompo dej\u00e1ndolos perplejos y moviendo los pies.<\/p>\n<p>Nen\u00e9 era tambi\u00e9n el Santiago: Cada a\u00f1o su \u201cpiquete\u201d acompa\u00f1aba a la comparsa Los Guaracheros de San Andr\u00e9s en una pugna con las dem\u00e1s, donde ganar era cuesti\u00f3n de honor. Y cada vez se paseaba autoritario, blandiendo su cetro ante la plataforma central, mientras su conga estrenaba cantos provocadores y un sonido endemoniado.<\/p>\n<p>No muere jam\u00e1s quien cultiva tanta alegr\u00eda y Nen\u00e9 era de esos hombres.<\/p>\n<p>Cada vez que resuene un tambor y halla una buena rumba, cuando en Julio los espirituanos vuelvan a arrollar detr\u00e1s de sus comparsas Nen\u00e9 volver\u00e1 -de donde ha ido- para dirigir de nuevo a su conga.<\/p>\n","protected":false},"excerpt":{"rendered":"<p>Cada vez que resuene un tambor y halla una buena rumba, cuando en Julio los espirituanos vuelvan a arrollar detr\u00e1s de sus comparsas Nen\u00e9 volver\u00e1 -de donde ha ido- para dirigir de nuevo a su conga.<\/p>\n","protected":false},"author":163,"featured_media":41045,"comment_status":"open","ping_status":"open","sticky":false,"template":"","format":"standard","meta":{"_acf_changed":false,"footnotes":""},"categories":[1023,1],"tags":[1676,282,1675,920],"coauthors":[],"class_list":["post-41043","post","type-post","status-publish","format-standard","has-post-thumbnail","hentry","category-el-balcon-del-soto","category-sancti-spiritus","tag-conga","tag-cultura","tag-nene","tag-santiago-espirituano"],"acf":[],"_links":{"self":[{"href":"https:\/\/www.radiosanctispiritus.cu\/es\/wp-json\/wp\/v2\/posts\/41043","targetHints":{"allow":["GET"]}}],"collection":[{"href":"https:\/\/www.radiosanctispiritus.cu\/es\/wp-json\/wp\/v2\/posts"}],"about":[{"href":"https:\/\/www.radiosanctispiritus.cu\/es\/wp-json\/wp\/v2\/types\/post"}],"author":[{"embeddable":true,"href":"https:\/\/www.radiosanctispiritus.cu\/es\/wp-json\/wp\/v2\/users\/163"}],"replies":[{"embeddable":true,"href":"https:\/\/www.radiosanctispiritus.cu\/es\/wp-json\/wp\/v2\/comments?post=41043"}],"version-history":[{"count":0,"href":"https:\/\/www.radiosanctispiritus.cu\/es\/wp-json\/wp\/v2\/posts\/41043\/revisions"}],"wp:featuredmedia":[{"embeddable":true,"href":"https:\/\/www.radiosanctispiritus.cu\/es\/wp-json\/wp\/v2\/media\/41045"}],"wp:attachment":[{"href":"https:\/\/www.radiosanctispiritus.cu\/es\/wp-json\/wp\/v2\/media?parent=41043"}],"wp:term":[{"taxonomy":"category","embeddable":true,"href":"https:\/\/www.radiosanctispiritus.cu\/es\/wp-json\/wp\/v2\/categories?post=41043"},{"taxonomy":"post_tag","embeddable":true,"href":"https:\/\/www.radiosanctispiritus.cu\/es\/wp-json\/wp\/v2\/tags?post=41043"},{"taxonomy":"author","embeddable":true,"href":"https:\/\/www.radiosanctispiritus.cu\/es\/wp-json\/wp\/v2\/coauthors?post=41043"}],"curies":[{"name":"wp","href":"https:\/\/api.w.org\/{rel}","templated":true}]}}