{"id":41040,"date":"2025-01-22T04:00:46","date_gmt":"2025-01-22T09:00:46","guid":{"rendered":"https:\/\/www.radiosanctispiritus.cu\/es\/?p=41040"},"modified":"2025-01-22T12:21:10","modified_gmt":"2025-01-22T17:21:10","slug":"lourdes-caro-una-mujer-una-cancion","status":"publish","type":"post","link":"https:\/\/www.radiosanctispiritus.cu\/es\/lourdes-caro-una-mujer-una-cancion\/","title":{"rendered":"Lourdes Caro: Una mujer, una canci\u00f3n"},"content":{"rendered":"<p>Se suele pensar que Sancti Spiritus es tierra pr\u00f3diga en trovadores, y as\u00ed es\u2026Pero tambi\u00e9n por estos contornos pueden encontrarse excelentes compositoras e int\u00e9rpretes femeninas.<\/p>\n<p>Es cierto tambi\u00e9n que la ciudad no aport\u00f3, a diferencia de Trinidad, indispensables voces femeninas a la trova. Los prejuicios sociales y la severidad de las convenciones que enfrent\u00f3 la mujer las convirtieron s\u00f3lo en inspiradora de las composiciones.<\/p>\n<p>La trova espirituana fue \u201ccallejera\u201d se mov\u00eda libremente en las madrugadas de la legendaria villa y eso no le estaba permitido en aquella \u00e9poca a las f\u00e9minas. Las voces de los coros de claves eran quiz\u00e1s la excepci\u00f3n.<\/p>\n<p>Es Lourdes Caro una de las primeras que rompi\u00f3 este mito de subestimaci\u00f3n a la mujer y se alz\u00f3 no solo como int\u00e9rprete sino tambi\u00e9n como compositora que obtuvo importantes premios en concursos como el \u201cAdolfo Guzm\u00e1n\u201d.<\/p>\n<p>Nacida en\u00a0Sancti Sp\u00edritus,\u00a0el\u00a022 de enero\u00a0de\u00a01952, Lourdes Caro, desde muy peque\u00f1a mostr\u00f3 inclinaci\u00f3n por el canto y en\u00a01965\u00a0ingresa en la\u00a0Escuela Nacional de Arte\u00a0en la especialidad de Direcci\u00f3n Coral.<\/p>\n<p>En\u00a0el a\u00f1o 1982\u00a0se presenta como cantante en el Concurso Nacional\u00a0Adolfo Guzm\u00e1n\u00a0de\u00a0m\u00fasica\u00a0cubana, donde obtiene premio compartido con\u00a0Mar\u00eda de los \u00c1ngeles Basso. En otras ediciones obtendr\u00eda Premio con su Obra \u201cReg\u00e1lame tus manos\u201d en binomio autoral con el decimista Luis Compte Cruz.<\/p>\n<p>Lourdes Caro era tambi\u00e9n una incansable Promotora Cultural, y una l\u00edder que era escuchada y respetada.<\/p>\n<p>En su larga carrera milit\u00f3 en varias agrupaciones, se desempe\u00f1\u00f3 como solista y obtuvo, como compositora, primeros premios en varias bienales espirituanas. Su obra abarca diferentes g\u00e9neros:\u00a0guarachas,\u00a0boleros,\u00a0sones,\u00a0tonadas\u00a0y\u00a0canciones.<\/p>\n<p>Con m\u00e1s de cuarenta y cinco a\u00f1os de magisterio en la Escuela de Arte Ernesto Lecuona de Sancti Sp\u00edritus, Lourdes Caro comparti\u00f3 su sabidur\u00eda y amor por la m\u00fasica con innumerables alumnos, muchos de los cuales fueron sus colegas y agradecidos disc\u00edpulos.<\/p>\n<p>Lourdes cumpli\u00f3 misi\u00f3n internacionalista en\u00a0Nicaragua. Ocup\u00f3 el cargo de Presidenta del Movimiento de la\u00a0Nueva Trova\u00a0en la Provincia desde\u00a01980\u00a0hasta\u00a01982. Fue Miembro de la\u00a0UNEAC, y creadora del proyecto\u00a0La Bella Cubana\u00a0en Sancti Spiritus, donde se presentaban mujeres creadoras de todas las provincias.<\/p>\n<p>En su fecunda vida alcanz\u00f3 innumerables reconocimientos<\/p>\n<ul>\n<li>Reconocimiento Por la obra de toda la vida que otorga la Direcci\u00f3n Provincial de Cultura.<\/li>\n<li>Reconocimiento por Fundadora Escuela Elemental de M\u00fasica otorga UNEAC<\/li>\n<li>Reconocimiento del Teatro Nacional Nicarag\u00fcense Rub\u00e9n Dar\u00edo \u00a0por su participaci\u00f3n destacada en la IV Temporada Nicarag\u00fcense de la M\u00fasica Coral. Agosto 2005<\/li>\n<li>Reconocimiento del Coro Arpegio de Jinotepe por magistral direcci\u00f3n en la IV Jornada de la M\u00fasica Coral Nicarag\u00fcense. Agosto 2005.<\/li>\n<li>Distinci\u00f3n Majadahonda otorgada por la UNEAC por haber realizado trabajo cultural en misi\u00f3n internacionalista. 2006.<\/li>\n<\/ul>\n<p>Cuando se hable de la m\u00fasica espirituana, sus compositores e int\u00e9rpretes no puede obviarse a Lourdes Caro P\u00e9rez. En el 73 aniversario de su natalicio los espirituanos la recordamos.<\/p>\n","protected":false},"excerpt":{"rendered":"<p>Se suele pensar que Sancti Spiritus es tierra pr\u00f3diga en trovadores, y as\u00ed es\u2026Pero tambi\u00e9n por estos contornos pueden encontrarse excelentes compositoras e int\u00e9rpretes femeninas.<\/p>\n","protected":false},"author":163,"featured_media":41041,"comment_status":"open","ping_status":"open","sticky":false,"template":"","format":"standard","meta":{"_acf_changed":false,"footnotes":""},"categories":[6,1023],"tags":[282,1674],"coauthors":[],"class_list":["post-41040","post","type-post","status-publish","format-standard","has-post-thumbnail","hentry","category-cultura","category-el-balcon-del-soto","tag-cultura","tag-lourdes-caro"],"acf":[],"_links":{"self":[{"href":"https:\/\/www.radiosanctispiritus.cu\/es\/wp-json\/wp\/v2\/posts\/41040","targetHints":{"allow":["GET"]}}],"collection":[{"href":"https:\/\/www.radiosanctispiritus.cu\/es\/wp-json\/wp\/v2\/posts"}],"about":[{"href":"https:\/\/www.radiosanctispiritus.cu\/es\/wp-json\/wp\/v2\/types\/post"}],"author":[{"embeddable":true,"href":"https:\/\/www.radiosanctispiritus.cu\/es\/wp-json\/wp\/v2\/users\/163"}],"replies":[{"embeddable":true,"href":"https:\/\/www.radiosanctispiritus.cu\/es\/wp-json\/wp\/v2\/comments?post=41040"}],"version-history":[{"count":0,"href":"https:\/\/www.radiosanctispiritus.cu\/es\/wp-json\/wp\/v2\/posts\/41040\/revisions"}],"wp:featuredmedia":[{"embeddable":true,"href":"https:\/\/www.radiosanctispiritus.cu\/es\/wp-json\/wp\/v2\/media\/41041"}],"wp:attachment":[{"href":"https:\/\/www.radiosanctispiritus.cu\/es\/wp-json\/wp\/v2\/media?parent=41040"}],"wp:term":[{"taxonomy":"category","embeddable":true,"href":"https:\/\/www.radiosanctispiritus.cu\/es\/wp-json\/wp\/v2\/categories?post=41040"},{"taxonomy":"post_tag","embeddable":true,"href":"https:\/\/www.radiosanctispiritus.cu\/es\/wp-json\/wp\/v2\/tags?post=41040"},{"taxonomy":"author","embeddable":true,"href":"https:\/\/www.radiosanctispiritus.cu\/es\/wp-json\/wp\/v2\/coauthors?post=41040"}],"curies":[{"name":"wp","href":"https:\/\/api.w.org\/{rel}","templated":true}]}}