{"id":41037,"date":"2025-01-20T09:54:04","date_gmt":"2025-01-20T14:54:04","guid":{"rendered":"https:\/\/www.radiosanctispiritus.cu\/es\/?p=41037"},"modified":"2025-01-20T10:32:32","modified_gmt":"2025-01-20T15:32:32","slug":"mauri-la-paciencia-y-su-guitarra","status":"publish","type":"post","link":"https:\/\/www.radiosanctispiritus.cu\/es\/mauri-la-paciencia-y-su-guitarra\/","title":{"rendered":"Mauri, la paciencia y su guitarra"},"content":{"rendered":"<p>La cultura tiene sus personajes y Claudino Mauri es uno de ellos.<\/p>\n<p>Lleg\u00f3 a Sancti Spiritus despu\u00e9s de haber desandado el Escambray y de esos rumbos trajo su mirada escrudi\u00f1adora y la sabidur\u00eda popular de los montunos.<\/p>\n<p>Mauri tambi\u00e9n es la paciencia; dispone siempre de todo el tiempo del mundo para conversar sobre cualquier tema. En esto no tiene preferencias: puede hablar de lo \u00faltimos descubrimientos de la astron\u00e1utica, del m\u00e1s reciente disco de un desconocido, o de Siria y el conflicto b\u00e9lico.<\/p>\n<p>Pero usted no se equivoque: De todo cuanto habla tiene informaci\u00f3n y brinda sus fuentes con la nobleza de quien no necesita el conocimiento para presumir sino para hacer mejores amigos.<\/p>\n<p>Y de estos (los amigos) Mauri siempre ha tenido de los buenos. Me aventuro a decir solo un nombre: Delio Luna. Ambos se complementaban siempre dispuestos al buen chiste, la pol\u00e9mica m\u00e1s encumbrada o el comentario sobre la \u00faltima lectura.<\/p>\n<p>Delio era el discurso florido, barroco y Mauri la sentencia, la frase electrizante y lapidaria.<\/p>\n<p>Mauri es un m\u00fasico excelente: guitarrista que sabe acompa\u00f1ar con la misma vocaci\u00f3n de servir que emplea para dar un consejo.<\/p>\n<p>Buen gusto, maestr\u00eda y sencillez se dan la mano cuando Mauri ejecuta la guitarra. Se ladea con su imperturbable \u201cBolchevique\u201d, entrecierra los ojos y toca para \u00e9l y para los dem\u00e1s sin inmutarse, como hace con la vida.<\/p>\n<p>As\u00ed, con ese don, integr\u00f3 el Tr\u00edo de G\u00f3mez y el D\u00fao Nuestras Almas: as\u00ed qued\u00f3 su huella en la m\u00fasica espirituana.<\/p>\n<p>Mauri ha esperado los a\u00f1os pacientemente y todav\u00eda por suerte est\u00e1 con los amigos: Con su palabra y su m\u00fasica.<\/p>\n","protected":false},"excerpt":{"rendered":"<p>La cultura tiene sus personajes y Claudino Mauri es uno de ellos.<\/p>\n","protected":false},"author":163,"featured_media":41050,"comment_status":"open","ping_status":"open","sticky":false,"template":"","format":"standard","meta":{"_acf_changed":false,"footnotes":""},"categories":[6,1023],"tags":[1673,282],"coauthors":[],"class_list":["post-41037","post","type-post","status-publish","format-standard","has-post-thumbnail","hentry","category-cultura","category-el-balcon-del-soto","tag-claudino-mauri","tag-cultura"],"acf":[],"_links":{"self":[{"href":"https:\/\/www.radiosanctispiritus.cu\/es\/wp-json\/wp\/v2\/posts\/41037","targetHints":{"allow":["GET"]}}],"collection":[{"href":"https:\/\/www.radiosanctispiritus.cu\/es\/wp-json\/wp\/v2\/posts"}],"about":[{"href":"https:\/\/www.radiosanctispiritus.cu\/es\/wp-json\/wp\/v2\/types\/post"}],"author":[{"embeddable":true,"href":"https:\/\/www.radiosanctispiritus.cu\/es\/wp-json\/wp\/v2\/users\/163"}],"replies":[{"embeddable":true,"href":"https:\/\/www.radiosanctispiritus.cu\/es\/wp-json\/wp\/v2\/comments?post=41037"}],"version-history":[{"count":0,"href":"https:\/\/www.radiosanctispiritus.cu\/es\/wp-json\/wp\/v2\/posts\/41037\/revisions"}],"wp:featuredmedia":[{"embeddable":true,"href":"https:\/\/www.radiosanctispiritus.cu\/es\/wp-json\/wp\/v2\/media\/41050"}],"wp:attachment":[{"href":"https:\/\/www.radiosanctispiritus.cu\/es\/wp-json\/wp\/v2\/media?parent=41037"}],"wp:term":[{"taxonomy":"category","embeddable":true,"href":"https:\/\/www.radiosanctispiritus.cu\/es\/wp-json\/wp\/v2\/categories?post=41037"},{"taxonomy":"post_tag","embeddable":true,"href":"https:\/\/www.radiosanctispiritus.cu\/es\/wp-json\/wp\/v2\/tags?post=41037"},{"taxonomy":"author","embeddable":true,"href":"https:\/\/www.radiosanctispiritus.cu\/es\/wp-json\/wp\/v2\/coauthors?post=41037"}],"curies":[{"name":"wp","href":"https:\/\/api.w.org\/{rel}","templated":true}]}}