{"id":41025,"date":"2025-01-19T04:00:38","date_gmt":"2025-01-19T09:00:38","guid":{"rendered":"https:\/\/www.radiosanctispiritus.cu\/es\/?p=41025"},"modified":"2025-01-18T21:15:48","modified_gmt":"2025-01-19T02:15:48","slug":"conmemorado-aniversario-150-de-la-segunda-toma-de-el-jibaro-por-maximo-gomez","status":"publish","type":"post","link":"https:\/\/www.radiosanctispiritus.cu\/es\/conmemorado-aniversario-150-de-la-segunda-toma-de-el-jibaro-por-maximo-gomez\/","title":{"rendered":"Conmemorado aniversario 150 de la segunda toma de El J\u00edbaro por M\u00e1ximo G\u00f3mez"},"content":{"rendered":"<p>El 18 de enero de 1875, el general\u00edsimo M\u00e1ximo G\u00f3mez dirigi\u00f3 una ofensiva estrat\u00e9gica que result\u00f3 decisiva en la toma e incendio del poblado espirituano de El J\u00edbaro, que era un fuerte principal espa\u00f1ol en la zona.<\/p>\n<p>Las t\u00e1cticas de reconocimiento y confusi\u00f3n del enemigo llevaron a un golpe psicol\u00f3gico significativo que hizo vulnerables a las fuerzas espa\u00f1olas al ataque sorpresivo.<\/p>\n<p>La segunda toma de El J\u00edbaro comenz\u00f3 con el asalto a la iglesia, el principal fuerte de los colonialistas.<\/p>\n<p>Esta acci\u00f3n permiti\u00f3 a las tropas de G\u00f3mez obtener los recursos necesarios para armar a muchos hombres que deseaban unirse a la lucha.<\/p>\n<p>Despu\u00e9s de aprovisionarse, el pueblo fue incendiado. El coronel mamb\u00ed Ram\u00f3n Roa destac\u00f3 la importancia de esta operaci\u00f3n, mencionando que all\u00ed se jug\u00f3 la fortuna de la invasi\u00f3n y el prestigio de G\u00f3mez como general.<\/p>\n<p>Este evento hist\u00f3rico es conmemorado por su impacto en la lucha por la independencia.<\/p>\n<p><iframe src=\"https:\/\/www.ivoox.com\/player_ej_137897934_6_1.html?c1=7a0d0b\" width=\"100%\" height=\"200\" frameborder=\"0\" scrolling=\"no\" allowfullscreen=\"allowfullscreen\"><\/iframe><\/p>\n","protected":false},"excerpt":{"rendered":"<p>El 18 de enero de 1875, el general\u00edsimo M\u00e1ximo G\u00f3mez dirigi\u00f3 una ofensiva estrat\u00e9gica que result\u00f3 decisiva en la toma e incendio del poblado espirituano de El J\u00edbaro<\/p>\n","protected":false},"author":136,"featured_media":41026,"comment_status":"open","ping_status":"open","sticky":false,"template":"","format":"standard","meta":{"_acf_changed":false,"footnotes":""},"categories":[9],"tags":[1671,1672],"coauthors":[],"class_list":["post-41025","post","type-post","status-publish","format-standard","has-post-thumbnail","hentry","category-en-audio","tag-el-jibaro","tag-maximo-gomez"],"acf":[],"_links":{"self":[{"href":"https:\/\/www.radiosanctispiritus.cu\/es\/wp-json\/wp\/v2\/posts\/41025","targetHints":{"allow":["GET"]}}],"collection":[{"href":"https:\/\/www.radiosanctispiritus.cu\/es\/wp-json\/wp\/v2\/posts"}],"about":[{"href":"https:\/\/www.radiosanctispiritus.cu\/es\/wp-json\/wp\/v2\/types\/post"}],"author":[{"embeddable":true,"href":"https:\/\/www.radiosanctispiritus.cu\/es\/wp-json\/wp\/v2\/users\/136"}],"replies":[{"embeddable":true,"href":"https:\/\/www.radiosanctispiritus.cu\/es\/wp-json\/wp\/v2\/comments?post=41025"}],"version-history":[{"count":0,"href":"https:\/\/www.radiosanctispiritus.cu\/es\/wp-json\/wp\/v2\/posts\/41025\/revisions"}],"wp:featuredmedia":[{"embeddable":true,"href":"https:\/\/www.radiosanctispiritus.cu\/es\/wp-json\/wp\/v2\/media\/41026"}],"wp:attachment":[{"href":"https:\/\/www.radiosanctispiritus.cu\/es\/wp-json\/wp\/v2\/media?parent=41025"}],"wp:term":[{"taxonomy":"category","embeddable":true,"href":"https:\/\/www.radiosanctispiritus.cu\/es\/wp-json\/wp\/v2\/categories?post=41025"},{"taxonomy":"post_tag","embeddable":true,"href":"https:\/\/www.radiosanctispiritus.cu\/es\/wp-json\/wp\/v2\/tags?post=41025"},{"taxonomy":"author","embeddable":true,"href":"https:\/\/www.radiosanctispiritus.cu\/es\/wp-json\/wp\/v2\/coauthors?post=41025"}],"curies":[{"name":"wp","href":"https:\/\/api.w.org\/{rel}","templated":true}]}}