{"id":40803,"date":"2025-01-14T21:20:23","date_gmt":"2025-01-15T02:20:23","guid":{"rendered":"https:\/\/www.radiosanctispiritus.cu\/es\/?p=40803"},"modified":"2025-01-14T21:32:18","modified_gmt":"2025-01-15T02:32:18","slug":"en-el-espiritu-del-jubileo-ordinario-de-2025-cuba-libera-a-553-personas-en-gesto-de-buena-voluntad","status":"publish","type":"post","link":"https:\/\/www.radiosanctispiritus.cu\/es\/en-el-espiritu-del-jubileo-ordinario-de-2025-cuba-libera-a-553-personas-en-gesto-de-buena-voluntad\/","title":{"rendered":"En el esp\u00edritu del Jubileo Ordinario de 2025, Cuba libera a 553 personas en gesto de buena voluntad"},"content":{"rendered":"<div class=\"field field-name-body field-type-text-with-summary field-label-hidden\">\n<div class=\"field-items\">\n<div class=\"field-item even\">\n<p class=\"rtejustify\"><strong>Declaraci\u00f3n del Ministerio de Relaciones Exteriores de Cuba<\/strong><\/p>\n<p class=\"rtejustify\">Como parte de las estrechas y fluidas relaciones con el Estado Vaticano, el gobierno de Cuba se ha mantenido en comunicaci\u00f3n con el Papa Francisco y con sus representantes y, como en el pasado, ha informado a Su Santidad sobre procesos de revisi\u00f3n y excarcelaci\u00f3n de personas privadas de libertad, pr\u00e1ctica que es com\u00fan en nuestro sistema de justicia y que ha caracterizado la trayectoria humanitaria de la Revoluci\u00f3n.<\/p>\n<p class=\"rtejustify\">Como manifestaci\u00f3n de esa pr\u00e1ctica y al amparo de lo dispuesto en la legislaci\u00f3n nacional, m\u00e1s de 10 mil personas sancionadas con privaci\u00f3n de libertad fueron excarcelados entre los a\u00f1os 2023 y 2024 con distintas modalidades de beneficio previstas en la ley.<\/p>\n<p class=\"rtejustify\">En junio de 2023, el Presidente Miguel D\u00edaz-Canel realiz\u00f3 una visita al Vaticano y tuvo un encuentro con el Sumo Pont\u00edfice, que fue precedido de un encuentro del Ministro de Relaciones Exteriores Bruno Rodr\u00edguez Parrilla, en agosto de 2022.\u00a0 Entre otros asuntos de inter\u00e9s mutuo y del acontecer internacional, se traslad\u00f3 en esos encuentros informaci\u00f3n sobre este tema y se profundiz\u00f3 en la naturaleza injusta y el efecto nocivo de la pol\u00edtica de Estados Unidos hacia Cuba. Su Santidad ha dado muestras claras de simpat\u00eda y afecto hacia el pueblo cubano.<\/p>\n<p class=\"rtejustify\">En los primeros d\u00edas de enero, el Presidente D\u00edaz-Canel dirigi\u00f3 una carta al Sumo Pont\u00edfice en la que, en el esp\u00edritu del Jubileo Ordinario de 2025 declarado por Su Santidad y que reci\u00e9n comienza, comunic\u00f3 la decisi\u00f3n de beneficiar con el otorgamiento de libertad a 553 personas sancionadas por delitos diversos, sobre la base de un an\u00e1lisis cuidadoso a partir de las distintas modalidades que contempla la ley, y como parte de la naturaleza justa y humanitaria de los sistemas penal y penitenciario de Cuba. Estas personas recibir\u00e1n sus respectivos beneficios gradualmente.<\/p>\n<p class=\"rtejustify\">Mantenemos con el Vaticano y el Sumo Pont\u00edfice una relaci\u00f3n respetuosa, franca y constructiva, lo que facilita decisiones como la reci\u00e9n tomada, dentro de los requisitos que establece la legislaci\u00f3n vigente, el sentido humanitario del sistema de justicia cubano y el cumplimiento de las obligaciones con el orden interior y la seguridad ciudadana.<\/p>\n<p class=\"rtejustify\">La Habana, 14 de enero de 2025<\/p>\n<\/div>\n<\/div>\n<\/div>\n","protected":false},"excerpt":{"rendered":"<p>Cuba liber\u00f3 a 553 personas que cumplen sanci\u00f3n, en gesto de buena voluntad con el papa Francisco en el a\u00f1o del jubileo y por las excelentes relaciones entre el Vaticano y la isla, informaron este martes fuentes oficiales. <\/p>\n","protected":false},"author":26,"featured_media":40804,"comment_status":"open","ping_status":"open","sticky":false,"template":"","format":"standard","meta":{"_acf_changed":false,"footnotes":""},"categories":[1],"tags":[575,608,176],"coauthors":[],"class_list":["post-40803","post","type-post","status-publish","format-standard","has-post-thumbnail","hentry","category-sancti-spiritus","tag-cuba-minrex","tag-cuba-vaticano","tag-papa-francisco"],"acf":[],"_links":{"self":[{"href":"https:\/\/www.radiosanctispiritus.cu\/es\/wp-json\/wp\/v2\/posts\/40803","targetHints":{"allow":["GET"]}}],"collection":[{"href":"https:\/\/www.radiosanctispiritus.cu\/es\/wp-json\/wp\/v2\/posts"}],"about":[{"href":"https:\/\/www.radiosanctispiritus.cu\/es\/wp-json\/wp\/v2\/types\/post"}],"author":[{"embeddable":true,"href":"https:\/\/www.radiosanctispiritus.cu\/es\/wp-json\/wp\/v2\/users\/26"}],"replies":[{"embeddable":true,"href":"https:\/\/www.radiosanctispiritus.cu\/es\/wp-json\/wp\/v2\/comments?post=40803"}],"version-history":[{"count":0,"href":"https:\/\/www.radiosanctispiritus.cu\/es\/wp-json\/wp\/v2\/posts\/40803\/revisions"}],"wp:featuredmedia":[{"embeddable":true,"href":"https:\/\/www.radiosanctispiritus.cu\/es\/wp-json\/wp\/v2\/media\/40804"}],"wp:attachment":[{"href":"https:\/\/www.radiosanctispiritus.cu\/es\/wp-json\/wp\/v2\/media?parent=40803"}],"wp:term":[{"taxonomy":"category","embeddable":true,"href":"https:\/\/www.radiosanctispiritus.cu\/es\/wp-json\/wp\/v2\/categories?post=40803"},{"taxonomy":"post_tag","embeddable":true,"href":"https:\/\/www.radiosanctispiritus.cu\/es\/wp-json\/wp\/v2\/tags?post=40803"},{"taxonomy":"author","embeddable":true,"href":"https:\/\/www.radiosanctispiritus.cu\/es\/wp-json\/wp\/v2\/coauthors?post=40803"}],"curies":[{"name":"wp","href":"https:\/\/api.w.org\/{rel}","templated":true}]}}