{"id":40782,"date":"2025-01-15T05:24:51","date_gmt":"2025-01-15T10:24:51","guid":{"rendered":"https:\/\/www.radiosanctispiritus.cu\/es\/?p=40782"},"modified":"2025-01-14T20:41:09","modified_gmt":"2025-01-15T01:41:09","slug":"yudith-vidal-le-oferta-tejidos-paralelos-a-trinidad-de-cuba","status":"publish","type":"post","link":"https:\/\/www.radiosanctispiritus.cu\/es\/yudith-vidal-le-oferta-tejidos-paralelos-a-trinidad-de-cuba\/","title":{"rendered":"Yudith Vidal le oferta Tejidos paralelos a Trinidad de Cuba"},"content":{"rendered":"<div class=\"x11i5rnm xat24cr x1mh8g0r x1vvkbs xtlvy1s x126k92a\">\n<div dir=\"auto\">\n<p>Tejidos paralelos es la exposici\u00f3n que la multipremiada pintora Yudit Vidal Faife prepara como regalo a Trinidad de Cuba por su cumplea\u00f1os 511: lienzograf\u00edas intervenidas, esculturas y tapices conforman un todo \u00fanico que muestra el arraigo de la lencer\u00eda en la ciudad, traspolada de generaci\u00f3n en generaci\u00f3n.<\/p>\n<p>Piezas que se exhiben por primera vez resultado de una colaboraci\u00f3n cargada de amor, pasi\u00f3n y contemporaneidad entre estudiantes y docentes de la Escuela de Oficios de Restauraci\u00f3n de la Oficina del Conservador de la villa con las artesanas que integran el proyecto Entre hilos ,alas y pinceles encabezado por la art\u00edfice del pincel .<\/p>\n<p><img decoding=\"async\" class=\"aligncenter size-full wp-image-40788\" src=\"https:\/\/www.radiosanctispiritus.cu\/es\/wp-content\/uploads\/EXPO-YUDIT-3.jpg\" alt=\"\" width=\"400\" height=\"711\" \/>\u201cLlevar a un metro cuadradado, incluso a dos metros, muchas de ellas , un peque\u00f1o deshilado como el punto la trinitaria, el ojito de la perdiz, o el caracol , llevarlos a esa magnitud en un tejido tan dif\u00edcil como lo es el yute, ha sido un reto , una prueba del talento exquisito que tiene cada una de las maestras bordadores, muchas de las cuales han innovado al encontrarse en el camino de la experimentaci\u00f3n\u201d.<\/p>\n<p>Yudit ofreci\u00f3 otros detalles de Tejidos paralelos la exposici\u00f3n que regalar\u00e1 a Trinidad de Cuba por su cumplea\u00f1os 511.<\/p>\n<p><img decoding=\"async\" class=\"aligncenter size-full wp-image-40789\" src=\"https:\/\/www.radiosanctispiritus.cu\/es\/wp-content\/uploads\/EXPO-YUDIT-4.jpg\" alt=\"\" width=\"400\" height=\"756\" \/>\u201cLa muestra fotogr\u00e1fica e compone de un total de17 piezas de lienzograf\u00edas intervenidas, y los prototipos del deshilado a mano, en todos estos tapices sobre soporte de yute con dimensiones variables se pone de manifiesto tambi\u00e9n la escultura, con un conjunto de 12 piezas que por primera vez se exhiben en la ciudad, punto de partida para muchas de estas fotograf\u00edas, inspiradas en los detalles de las alas del tiempo que una vez m\u00e1s vienen a revolotear en esta fiesta de tejidos\u201d.<\/p>\n<p>Ojitos de perdiz, caracoles, bara\u00fandas, cuatro puntadas trinitarias, calados mexicanos, cada uno de esos patrones est\u00e1n de vuelta a la Ciudad Museo del Caribe de la mano de las consagradas bordadoras que integran el proyecto \u201cEntre hilos, alas y pinceles\u201d.<\/p>\n<p><img decoding=\"async\" class=\"aligncenter size-full wp-image-40787\" src=\"https:\/\/www.radiosanctispiritus.cu\/es\/wp-content\/uploads\/EXPO-YUDIT-2.jpg\" alt=\"\" width=\"400\" height=\"740\" \/>Yudit Vidal Faife invita a los seguidores de su obra a disfrutar de la exposici\u00f3n Tejidos paralelos que se inaugura el jueves 16 de enero a las 3 de la tarde en la Galer\u00eda de Arte Universal Benito Ortiz Borrell, un abrazo a la ciudad en su cumplea\u00f1os 511.<\/p>\n<p><iframe src=\"https:\/\/www.ivoox.com\/player_ej_137768297_6_1.html?c1=7a0d0b\" width=\"100%\" height=\"200\" frameborder=\"0\" scrolling=\"no\" allowfullscreen=\"allowfullscreen\"><\/iframe><\/p>\n<\/div>\n<\/div>\n","protected":false},"excerpt":{"rendered":"<p>Tejidos paralelos es la exposici\u00f3n que la multipremiada pintora Yudit Vidal Faife prepara como regalo a Trinidad de Cuba por su cumplea\u00f1os 511<\/p>\n","protected":false},"author":145,"featured_media":40786,"comment_status":"open","ping_status":"open","sticky":false,"template":"","format":"standard","meta":{"_acf_changed":false,"footnotes":""},"categories":[9],"tags":[40,1659],"coauthors":[],"class_list":["post-40782","post","type-post","status-publish","format-standard","has-post-thumbnail","hentry","category-en-audio","tag-trinidad","tag-yudit-vidal-faife"],"acf":[],"_links":{"self":[{"href":"https:\/\/www.radiosanctispiritus.cu\/es\/wp-json\/wp\/v2\/posts\/40782","targetHints":{"allow":["GET"]}}],"collection":[{"href":"https:\/\/www.radiosanctispiritus.cu\/es\/wp-json\/wp\/v2\/posts"}],"about":[{"href":"https:\/\/www.radiosanctispiritus.cu\/es\/wp-json\/wp\/v2\/types\/post"}],"author":[{"embeddable":true,"href":"https:\/\/www.radiosanctispiritus.cu\/es\/wp-json\/wp\/v2\/users\/145"}],"replies":[{"embeddable":true,"href":"https:\/\/www.radiosanctispiritus.cu\/es\/wp-json\/wp\/v2\/comments?post=40782"}],"version-history":[{"count":0,"href":"https:\/\/www.radiosanctispiritus.cu\/es\/wp-json\/wp\/v2\/posts\/40782\/revisions"}],"wp:featuredmedia":[{"embeddable":true,"href":"https:\/\/www.radiosanctispiritus.cu\/es\/wp-json\/wp\/v2\/media\/40786"}],"wp:attachment":[{"href":"https:\/\/www.radiosanctispiritus.cu\/es\/wp-json\/wp\/v2\/media?parent=40782"}],"wp:term":[{"taxonomy":"category","embeddable":true,"href":"https:\/\/www.radiosanctispiritus.cu\/es\/wp-json\/wp\/v2\/categories?post=40782"},{"taxonomy":"post_tag","embeddable":true,"href":"https:\/\/www.radiosanctispiritus.cu\/es\/wp-json\/wp\/v2\/tags?post=40782"},{"taxonomy":"author","embeddable":true,"href":"https:\/\/www.radiosanctispiritus.cu\/es\/wp-json\/wp\/v2\/coauthors?post=40782"}],"curies":[{"name":"wp","href":"https:\/\/api.w.org\/{rel}","templated":true}]}}