{"id":40701,"date":"2025-01-14T04:11:42","date_gmt":"2025-01-14T09:11:42","guid":{"rendered":"https:\/\/www.radiosanctispiritus.cu\/es\/?p=40701"},"modified":"2025-01-14T04:11:42","modified_gmt":"2025-01-14T09:11:42","slug":"la-sierpe-sede-del-acto-provincial-por-el-dia-del-trabajador-electrico","status":"publish","type":"post","link":"https:\/\/www.radiosanctispiritus.cu\/es\/la-sierpe-sede-del-acto-provincial-por-el-dia-del-trabajador-electrico\/","title":{"rendered":"La Sierpe, sede del acto provincial por el D\u00eda del trabajador el\u00e9ctrico"},"content":{"rendered":"<p>En el a\u00f1o 2024, la unidad empresarial de base de la Organizaci\u00f3n B\u00e1sica El\u00e9ctrica La Sierpe gan\u00f3 la sede del acto provincial por el D\u00eda del Trabajador del Sector El\u00e9ctrico. Este logro se debe al cumplimiento de uno de los principales indicadores t\u00e9cnicos y de gesti\u00f3n comercial, enfocados en mejorar el servicio al cliente.<\/p>\n<p>Entre los logros m\u00e1s significativos del periodo se destacan: La disminuci\u00f3n del tiempo de interrupci\u00f3n por aver\u00edas debido a la ausencia de fallas en las l\u00edneas de transmisi\u00f3n , \u00a0el cumplimiento de los \u00edndices de distribuci\u00f3n primaria y la efectividad en el montaje y atenci\u00f3n al sistema de transformadores, con m\u00e1s de 490 instalados.<\/p>\n<p>El reconocimiento de este a\u00f1o tambi\u00e9n se debe al cumplimiento de procesos de: Lectura, facturaci\u00f3n y cobro a los clientes, tanto residenciales como estatales, la inspecci\u00f3n a los clientes y la recaudaci\u00f3n mediante el uso de pasarelas de pago electr\u00f3nico y la obtenci\u00f3n de cuentas por cobrar pendientes.<\/p>\n<p>El acto provincial por el D\u00eda del Trabajador El\u00e9ctrico se llevar\u00e1 a cabo este \u00a0martes 14 de enero en el Cine Las Villas, donde se realizar\u00e1n reconocimientos colectivos e individuales para honrar el arduo trabajo y la dedicaci\u00f3n de aquellos que ofrecen lo mejor de s\u00ed cada d\u00eda.<\/p>\n<p><iframe src=\"https:\/\/www.ivoox.com\/player_ej_137730147_6_1.html?c1=7a0d0b\" width=\"100%\" height=\"200\" frameborder=\"0\" scrolling=\"no\" allowfullscreen=\"allowfullscreen\"><\/iframe><\/p>\n","protected":false},"excerpt":{"rendered":"<p>La unidad empresarial de base de la Organizaci\u00f3n B\u00e1sica El\u00e9ctrica La Sierpe gan\u00f3 la sede del acto provincial por el D\u00eda del Trabajador del Sector El\u00e9ctrico.<\/p>\n","protected":false},"author":136,"featured_media":40705,"comment_status":"open","ping_status":"open","sticky":false,"template":"","format":"standard","meta":{"_acf_changed":false,"footnotes":""},"categories":[9],"tags":[1654,788,1655],"coauthors":[],"class_list":["post-40701","post","type-post","status-publish","format-standard","has-post-thumbnail","hentry","category-en-audio","tag-dia-del-trabajador-electrico","tag-la-sierpe","tag-organizacion-basica-electrica"],"acf":[],"_links":{"self":[{"href":"https:\/\/www.radiosanctispiritus.cu\/es\/wp-json\/wp\/v2\/posts\/40701","targetHints":{"allow":["GET"]}}],"collection":[{"href":"https:\/\/www.radiosanctispiritus.cu\/es\/wp-json\/wp\/v2\/posts"}],"about":[{"href":"https:\/\/www.radiosanctispiritus.cu\/es\/wp-json\/wp\/v2\/types\/post"}],"author":[{"embeddable":true,"href":"https:\/\/www.radiosanctispiritus.cu\/es\/wp-json\/wp\/v2\/users\/136"}],"replies":[{"embeddable":true,"href":"https:\/\/www.radiosanctispiritus.cu\/es\/wp-json\/wp\/v2\/comments?post=40701"}],"version-history":[{"count":0,"href":"https:\/\/www.radiosanctispiritus.cu\/es\/wp-json\/wp\/v2\/posts\/40701\/revisions"}],"wp:featuredmedia":[{"embeddable":true,"href":"https:\/\/www.radiosanctispiritus.cu\/es\/wp-json\/wp\/v2\/media\/40705"}],"wp:attachment":[{"href":"https:\/\/www.radiosanctispiritus.cu\/es\/wp-json\/wp\/v2\/media?parent=40701"}],"wp:term":[{"taxonomy":"category","embeddable":true,"href":"https:\/\/www.radiosanctispiritus.cu\/es\/wp-json\/wp\/v2\/categories?post=40701"},{"taxonomy":"post_tag","embeddable":true,"href":"https:\/\/www.radiosanctispiritus.cu\/es\/wp-json\/wp\/v2\/tags?post=40701"},{"taxonomy":"author","embeddable":true,"href":"https:\/\/www.radiosanctispiritus.cu\/es\/wp-json\/wp\/v2\/coauthors?post=40701"}],"curies":[{"name":"wp","href":"https:\/\/api.w.org\/{rel}","templated":true}]}}