{"id":40587,"date":"2025-01-11T18:46:41","date_gmt":"2025-01-11T23:46:41","guid":{"rendered":"https:\/\/www.radiosanctispiritus.cu\/es\/?p=40587"},"modified":"2025-01-11T18:46:41","modified_gmt":"2025-01-11T23:46:41","slug":"premian-edicion-xxxvi-del-coloquio-de-la-cultura-trinitaria","status":"publish","type":"post","link":"https:\/\/www.radiosanctispiritus.cu\/es\/premian-edicion-xxxvi-del-coloquio-de-la-cultura-trinitaria\/","title":{"rendered":"Premian edici\u00f3n XXXVI del Coloquio de la cultura trinitaria"},"content":{"rendered":"<p>16 \u00a0investigaciones de extrema calidad arroparon las dos jornadas de debate de la edici\u00f3n XXXVI del Coloquio de la Cultura trinitaria que concluy\u00f3 con las premiaciones de los trabajos que por su excelencia seleccion\u00f3 el jurado.<\/p>\n<p>Por primera vez el certamen entreg\u00f3 un Premio especial que recay\u00f3 en la pesquisa \u201cCartas para la historia\u201d del dueto Odalys Borges y Juana Yamil\u00e9 P\u00e9rez, mientras que en la categor\u00eda de Relevante se situaron \u201cEsteban Domenech , el pintor predilecto de Trinidad\u201d de Lisa Robaina y Radelex Cartaya .<\/p>\n<p>En ese esca\u00f1o se ubicaron adem\u00e1s \u201cCat\u00e1logo por regiones de operaciones de la Lucha Contra bandidos\u201d y \u201cCaracterizaci\u00f3n del compendio de documentos in\u00e9ditos para la historia de Trinidad realizada por Manolo Bequer\u201d de la autor\u00eda de Vivian Quesada y Rosa Yma Zerquera, respectivamente.<\/p>\n<p>El jurado de la edici\u00f3n XXXVI del Coloquio de la Cultura trinitaria otorg\u00f3 tres menciones al tiempo que reconoci\u00f3 el apoyo ofrecido por la pintora Yudit Vidal Faife, Radio Trinidad, la Oficina del Conservador de la Ciudad y el Valle d los Ingenios y los proyectos Rak\u00fa y PDL San Francisco.<\/p>\n<p>El evento fue propicio para la entrega del Premio \u201cGestor de la Cultura Popular Tradicional\u201d a intelectuales que se destacan por su ardua labor en funci\u00f3n del cuidado y protecci\u00f3n del patrimonio, acciones comunitarias de trascendencia y un meritorio trabajo sociocultural en funci\u00f3n de la villa La Trinidad.<\/p>\n<p>Cada a\u00f1o el Coloquio de la Cultura trinitaria deviene el evento te\u00f3rico m\u00e1s importante de la Semana de la Cultura la cual celebra su 52 edici\u00f3n en coincidencia con el aniversario 511 de la Ciudad Museo del Mar Caribe.<\/p>\n<p><iframe src=\"https:\/\/www.ivoox.com\/player_ej_137672237_6_1.html?c1=cc0404\" width=\"100%\" height=\"200\" frameborder=\"0\" scrolling=\"no\" allowfullscreen=\"allowfullscreen\"><\/iframe><\/p>\n","protected":false},"excerpt":{"rendered":"<p>16 \u00a0investigaciones de extrema calidad arroparon las dos jornadas de debate de la edici\u00f3n XXXVI del Coloquio de la Cultura trinitaria que concluy\u00f3 con las premiaciones de los trabajos que por su excelencia seleccion\u00f3 el jurado.<\/p>\n","protected":false},"author":145,"featured_media":40589,"comment_status":"open","ping_status":"open","sticky":false,"template":"","format":"standard","meta":{"_acf_changed":false,"footnotes":""},"categories":[1],"tags":[1646,40],"coauthors":[],"class_list":["post-40587","post","type-post","status-publish","format-standard","has-post-thumbnail","hentry","category-sancti-spiritus","tag-coloquio-de-la-cultura-trinitaria","tag-trinidad"],"acf":[],"_links":{"self":[{"href":"https:\/\/www.radiosanctispiritus.cu\/es\/wp-json\/wp\/v2\/posts\/40587","targetHints":{"allow":["GET"]}}],"collection":[{"href":"https:\/\/www.radiosanctispiritus.cu\/es\/wp-json\/wp\/v2\/posts"}],"about":[{"href":"https:\/\/www.radiosanctispiritus.cu\/es\/wp-json\/wp\/v2\/types\/post"}],"author":[{"embeddable":true,"href":"https:\/\/www.radiosanctispiritus.cu\/es\/wp-json\/wp\/v2\/users\/145"}],"replies":[{"embeddable":true,"href":"https:\/\/www.radiosanctispiritus.cu\/es\/wp-json\/wp\/v2\/comments?post=40587"}],"version-history":[{"count":0,"href":"https:\/\/www.radiosanctispiritus.cu\/es\/wp-json\/wp\/v2\/posts\/40587\/revisions"}],"wp:featuredmedia":[{"embeddable":true,"href":"https:\/\/www.radiosanctispiritus.cu\/es\/wp-json\/wp\/v2\/media\/40589"}],"wp:attachment":[{"href":"https:\/\/www.radiosanctispiritus.cu\/es\/wp-json\/wp\/v2\/media?parent=40587"}],"wp:term":[{"taxonomy":"category","embeddable":true,"href":"https:\/\/www.radiosanctispiritus.cu\/es\/wp-json\/wp\/v2\/categories?post=40587"},{"taxonomy":"post_tag","embeddable":true,"href":"https:\/\/www.radiosanctispiritus.cu\/es\/wp-json\/wp\/v2\/tags?post=40587"},{"taxonomy":"author","embeddable":true,"href":"https:\/\/www.radiosanctispiritus.cu\/es\/wp-json\/wp\/v2\/coauthors?post=40587"}],"curies":[{"name":"wp","href":"https:\/\/api.w.org\/{rel}","templated":true}]}}