{"id":40336,"date":"2025-01-07T09:11:51","date_gmt":"2025-01-07T14:11:51","guid":{"rendered":"https:\/\/www.radiosanctispiritus.cu\/es\/?p=40336"},"modified":"2025-01-07T09:11:51","modified_gmt":"2025-01-07T14:11:51","slug":"reporta-las-far-explosiones-en-almacen-en-holguin","status":"publish","type":"post","link":"https:\/\/www.radiosanctispiritus.cu\/es\/reporta-las-far-explosiones-en-almacen-en-holguin\/","title":{"rendered":"Reporta las FAR explosiones en almac\u00e9n en Holgu\u00edn"},"content":{"rendered":"<p>El Ministerio de las Fuerzas Armadas Revolucionarias inform\u00f3 a trav\u00e9s de su cuenta en la red social Facebook que este martes 7 de enero, se produjeron explosiones en una obra en la que se almacena material de guerra en la localidad de Melones, municipio Rafael Freyre, provincia de Holgu\u00edn, producto a un incendio.<\/p>\n<div dir=\"auto\">La breve nota agrega que este evento \u201cno ofrece peligro para la comunidad\u201d y aclara que se investigan las causas que provocaron este incidente.<\/div>\n","protected":false},"excerpt":{"rendered":"<p>El suceso \u201cno ofrece peligro para la comunidad\u201d y se investigan las causas que provocaron este incidente.<\/p>\n","protected":false},"author":26,"featured_media":40337,"comment_status":"open","ping_status":"open","sticky":false,"template":"","format":"standard","meta":{"_acf_changed":false,"footnotes":""},"categories":[3,8],"tags":[148,378],"coauthors":[],"class_list":["post-40336","post","type-post","status-publish","format-standard","has-post-thumbnail","hentry","category-cuba","category-noticia","tag-explosion","tag-fuerzas-armadas-revolucionarias"],"acf":[],"_links":{"self":[{"href":"https:\/\/www.radiosanctispiritus.cu\/es\/wp-json\/wp\/v2\/posts\/40336","targetHints":{"allow":["GET"]}}],"collection":[{"href":"https:\/\/www.radiosanctispiritus.cu\/es\/wp-json\/wp\/v2\/posts"}],"about":[{"href":"https:\/\/www.radiosanctispiritus.cu\/es\/wp-json\/wp\/v2\/types\/post"}],"author":[{"embeddable":true,"href":"https:\/\/www.radiosanctispiritus.cu\/es\/wp-json\/wp\/v2\/users\/26"}],"replies":[{"embeddable":true,"href":"https:\/\/www.radiosanctispiritus.cu\/es\/wp-json\/wp\/v2\/comments?post=40336"}],"version-history":[{"count":0,"href":"https:\/\/www.radiosanctispiritus.cu\/es\/wp-json\/wp\/v2\/posts\/40336\/revisions"}],"wp:featuredmedia":[{"embeddable":true,"href":"https:\/\/www.radiosanctispiritus.cu\/es\/wp-json\/wp\/v2\/media\/40337"}],"wp:attachment":[{"href":"https:\/\/www.radiosanctispiritus.cu\/es\/wp-json\/wp\/v2\/media?parent=40336"}],"wp:term":[{"taxonomy":"category","embeddable":true,"href":"https:\/\/www.radiosanctispiritus.cu\/es\/wp-json\/wp\/v2\/categories?post=40336"},{"taxonomy":"post_tag","embeddable":true,"href":"https:\/\/www.radiosanctispiritus.cu\/es\/wp-json\/wp\/v2\/tags?post=40336"},{"taxonomy":"author","embeddable":true,"href":"https:\/\/www.radiosanctispiritus.cu\/es\/wp-json\/wp\/v2\/coauthors?post=40336"}],"curies":[{"name":"wp","href":"https:\/\/api.w.org\/{rel}","templated":true}]}}