{"id":40321,"date":"2025-01-07T03:57:05","date_gmt":"2025-01-07T08:57:05","guid":{"rendered":"https:\/\/www.radiosanctispiritus.cu\/es\/?p=40321"},"modified":"2025-01-07T07:15:10","modified_gmt":"2025-01-07T12:15:10","slug":"sancti-spiritus-sera-sede-del-campeonato-nacional-fabio-delgado-in-memoriam","status":"publish","type":"post","link":"https:\/\/www.radiosanctispiritus.cu\/es\/sancti-spiritus-sera-sede-del-campeonato-nacional-fabio-delgado-in-memoriam\/","title":{"rendered":"Sancti Sp\u00edritus ser\u00e1 sede del Campeonato Nacional de Cantineros"},"content":{"rendered":"<p>Sancti Sp\u00edritus ser\u00e1 la sede del Campeonato Nacional Fabio Delgado In Memoriam, un evento de gran prestigio de la Asociaci\u00f3n de Cantineros de Cuba, que se celebrar\u00e1 del 23 al 26 de enero.<\/p>\n<p>Los \u00f3rganos de base de la Asociaci\u00f3n de Cantineros de Santi Sp\u00edritus est\u00e1n llevando a cabo las fases eliminatorias previas al evento nacional, que seleccionar\u00e1 al representante cubano en el Mundial de Cocteler\u00eda 2025.<\/p>\n<p><img decoding=\"async\" class=\"aligncenter size-full wp-image-40322\" src=\"https:\/\/www.radiosanctispiritus.cu\/es\/wp-content\/uploads\/cantinera.jpeg\" alt=\"\" width=\"510\" height=\"500\" \/>Juan Rafael Polanco Gonz\u00e1lez, vicepresidente de la Asociaci\u00f3n de Cantineros de Sancti Sp\u00edritus, detalla que participan los ganadores de todo el pa\u00eds.<\/p>\n<p>Cada provincia tiene su propia eliminatoria con 21 participantes divididos en tres grupos de siete. Las eliminatorias incluyen pruebas te\u00f3ricas, y los participantes con mejor puntuaci\u00f3n avanzan a una final.<\/p>\n<p><img decoding=\"async\" class=\"aligncenter size-full wp-image-40324\" src=\"https:\/\/www.radiosanctispiritus.cu\/es\/wp-content\/uploads\/otro-cantinero.jpeg\" alt=\"\" width=\"570\" height=\"500\" \/>Este a\u00f1o, el Campeonato Nacional Fabio Delgado In Memoriam suprime la eliminatoria zonal, pasando directamente a la competencia nacional. El primer d\u00eda se realiza una prueba te\u00f3rica en ingl\u00e9s y se acumulan puntos para la pr\u00e1ctica final. El participante con la mayor puntuaci\u00f3n ser\u00e1 el campe\u00f3n nacional y representar\u00e1 a Cuba en el mundial.<\/p>\n<p>Es un orgullo para Sancti Sp\u00edritus ser la sede del evento, que normalmente se realiza en La Habana. Esta selecci\u00f3n constituye un reconocimiento al trabajo y trayectoria de los cantineros de la provincia.<br \/>\n<iframe src=\"https:\/\/www.ivoox.com\/player_ej_137511382_6_1.html\" width=\"100%\" height=\"200\" frameborder=\"0\" scrolling=\"no\" allowfullscreen=\"allowfullscreen\"><\/iframe><\/p>\n","protected":false},"excerpt":{"rendered":"<p>Sancti Sp\u00edritus ser\u00e1 la sede del Campeonato Nacional Fabio Delgado In Memoriam, un evento de gran prestigio de la Asociaci\u00f3n de Cantineros de Cuba<\/p>\n","protected":false},"author":28,"featured_media":40326,"comment_status":"open","ping_status":"open","sticky":false,"template":"","format":"standard","meta":{"_acf_changed":false,"footnotes":""},"categories":[9],"tags":[1630,1629,50,1631],"coauthors":[],"class_list":["post-40321","post","type-post","status-publish","format-standard","has-post-thumbnail","hentry","category-en-audio","tag-asociacion-de-cantineros","tag-campeonato-nacional-fabio-delgado-in-memoriam","tag-cuba","tag-mundial-de-cocteleria-2025"],"acf":[],"_links":{"self":[{"href":"https:\/\/www.radiosanctispiritus.cu\/es\/wp-json\/wp\/v2\/posts\/40321","targetHints":{"allow":["GET"]}}],"collection":[{"href":"https:\/\/www.radiosanctispiritus.cu\/es\/wp-json\/wp\/v2\/posts"}],"about":[{"href":"https:\/\/www.radiosanctispiritus.cu\/es\/wp-json\/wp\/v2\/types\/post"}],"author":[{"embeddable":true,"href":"https:\/\/www.radiosanctispiritus.cu\/es\/wp-json\/wp\/v2\/users\/28"}],"replies":[{"embeddable":true,"href":"https:\/\/www.radiosanctispiritus.cu\/es\/wp-json\/wp\/v2\/comments?post=40321"}],"version-history":[{"count":0,"href":"https:\/\/www.radiosanctispiritus.cu\/es\/wp-json\/wp\/v2\/posts\/40321\/revisions"}],"wp:featuredmedia":[{"embeddable":true,"href":"https:\/\/www.radiosanctispiritus.cu\/es\/wp-json\/wp\/v2\/media\/40326"}],"wp:attachment":[{"href":"https:\/\/www.radiosanctispiritus.cu\/es\/wp-json\/wp\/v2\/media?parent=40321"}],"wp:term":[{"taxonomy":"category","embeddable":true,"href":"https:\/\/www.radiosanctispiritus.cu\/es\/wp-json\/wp\/v2\/categories?post=40321"},{"taxonomy":"post_tag","embeddable":true,"href":"https:\/\/www.radiosanctispiritus.cu\/es\/wp-json\/wp\/v2\/tags?post=40321"},{"taxonomy":"author","embeddable":true,"href":"https:\/\/www.radiosanctispiritus.cu\/es\/wp-json\/wp\/v2\/coauthors?post=40321"}],"curies":[{"name":"wp","href":"https:\/\/api.w.org\/{rel}","templated":true}]}}