{"id":40229,"date":"2025-01-08T04:30:00","date_gmt":"2025-01-08T09:30:00","guid":{"rendered":"https:\/\/www.radiosanctispiritus.cu\/es\/?p=40229"},"modified":"2025-01-08T04:12:06","modified_gmt":"2025-01-08T09:12:06","slug":"trinidad-de-cuba-crece-como-pabellon-cultural-de-america","status":"publish","type":"post","link":"https:\/\/www.radiosanctispiritus.cu\/es\/trinidad-de-cuba-crece-como-pabellon-cultural-de-america\/","title":{"rendered":"Trinidad de Cuba crece como pabell\u00f3n cultural de Am\u00e9rica"},"content":{"rendered":"<p>Los residentes en Trinidad y el Valle de los Ingenios (Cuba), ambos Patrimonio Cultural de la Humanidad, hoy crecen en sus \u00e9xitos por mantener el pabell\u00f3n de una de las villas mejor conservadas de Am\u00e9rica.<\/p>\n<p>Llegan al 511 aniversario de su fundaci\u00f3n por el Adelantado Diego Vel\u00e1squez y la bendici\u00f3n del presb\u00edtero Bartolom\u00e9 de las Casas, con el empe\u00f1o de venerar el patrimonio urbano y los t\u00edtulos de Ciudad Artesanal del Mundo y Ciudad Creativa.<\/p>\n<p>Las festividades seg\u00fan documentaci\u00f3n patrimonial se inician el segundo domingo de enero -entre los d\u00edas 12 y 18-, fecha en que se presenta la 52 edici\u00f3n de la Semana de la Cultura, con un amplio programa de actividades del acervo tradicional.<\/p>\n<p>Seg\u00fan los organizadores, se realizar\u00e1n eventos musicales con artistas del patio e invitados, bailables, homenajes a destacados intelectuales y aperturas de galer\u00edas con t\u00e9cnicas que trascienden costumbres y celebraciones m\u00edsticas.<\/p>\n<p>Incluyen actividades en museos y centros de actividades sociales, de reverencia a los ancestros africanos y sus dioses en especial en el Cabildo de Los Congos Reales, adem\u00e1s se incluye la entrega del Premio \u00danico de las Artes a una personalidad en la Asamblea Solemne del Poder Popular.<\/p>\n<p>El Museo Nacional de la Lucha Contra Bandidos acoger\u00e1 la edici\u00f3n 36 del Coloquio de la Cultura Trinitaria, con la participaci\u00f3n de investigadores y estudiosos del patrimonio de la tercera villa cubana.<\/p>\n<p>Prensa Latina en una conversaci\u00f3n con el historiador oficial de la villa, Carlos Joaqu\u00edn Zerquera y Fern\u00e1ndez de Lara (1926-2009), confirm\u00f3 que en documentos revisados en los Archivos de Indias, Espa\u00f1a, no se pudo encontrar la fecha de fundaci\u00f3n de Trinidad.<\/p>\n<p>Aunque algunos datos llevan a fijar ese momento, dijo, en el per\u00edodo entre el 23 de diciembre de 1513, fecha de la primera misa en tierras trinitarias al 4 de enero de 1514, fecha que le adjudican algunos estudiosos.<\/p>\n<p>Explic\u00f3 que su fundaci\u00f3n se realiz\u00f3 con la presencia de Diego Vel\u00e1zquez, y fue evolucionando con rapidez, lo cual le posibilit\u00f3 ser una de las m\u00e1s pr\u00f3speras de la mayor de las Antillas del Caribe en aquella \u00e9poca.<\/p>\n<p>Despu\u00e9s de varios a\u00f1os en el rastreo de documentos y a propuesta de Carlos Joaqu\u00edn la Asamblea Municipal del Poder Popular, m\u00e1ximo \u00d3rgano de Gobierno local, aprob\u00f3 el segundo domingo de enero de cada a\u00f1o como fecha de la fundaci\u00f3n.<\/p>\n<p>Asimismo, sobresale El Valle de los Ingenios, aleda\u00f1o a las monta\u00f1as de Guamuhaya o Escambray donde prosper\u00f3 la industria azucarera con la llegada de las familias Iznaga, Borrell y Brunet hacia la mitad del siglo XIX.<\/p>\n<p>En esas f\u00e9rtiles tierras entre llanuras y zonas quebradas se desarroll\u00f3 entre los siglos XVII y XVIII una fuerte industria de la ca\u00f1a de az\u00facar que recibi\u00f3 como fuerza de trabajo a cientos de esclavos africanos.<\/p>\n<p>Aparecieron los grandes hacendados, ib\u00e9ricos y nacionales, que convirtieron el valle en el m\u00e1s pr\u00f3spero de la mayor de las Antillas y fuente del desarrollo de la opulencia de la tercera villa cubana, sus casonas y palacetes que hoy son orgullo de la cultura nacional.<\/p>\n","protected":false},"excerpt":{"rendered":"<p>Los residentes en Trinidad y el Valle de los Ingenios (Cuba), ambos Patrimonio Cultural de la Humanidad, hoy crecen en sus \u00e9xitos por mantener el pabell\u00f3n de una de las villas mejor conservadas de Am\u00e9rica.<\/p>\n","protected":false},"author":22,"featured_media":38019,"comment_status":"open","ping_status":"open","sticky":false,"template":"","format":"standard","meta":{"_acf_changed":false,"footnotes":""},"categories":[1],"tags":[109,472,282,1625,40,495],"coauthors":[],"class_list":["post-40229","post","type-post","status-publish","format-standard","has-post-thumbnail","hentry","category-sancti-spiritus","tag-ciudad-artesanal-del-mundo","tag-ciudad-creativa","tag-cultura","tag-museo-nacional-de-la-lucha-contra-bandidos","tag-trinidad","tag-valle-de-los-ingenios"],"acf":[],"_links":{"self":[{"href":"https:\/\/www.radiosanctispiritus.cu\/es\/wp-json\/wp\/v2\/posts\/40229","targetHints":{"allow":["GET"]}}],"collection":[{"href":"https:\/\/www.radiosanctispiritus.cu\/es\/wp-json\/wp\/v2\/posts"}],"about":[{"href":"https:\/\/www.radiosanctispiritus.cu\/es\/wp-json\/wp\/v2\/types\/post"}],"author":[{"embeddable":true,"href":"https:\/\/www.radiosanctispiritus.cu\/es\/wp-json\/wp\/v2\/users\/22"}],"replies":[{"embeddable":true,"href":"https:\/\/www.radiosanctispiritus.cu\/es\/wp-json\/wp\/v2\/comments?post=40229"}],"version-history":[{"count":0,"href":"https:\/\/www.radiosanctispiritus.cu\/es\/wp-json\/wp\/v2\/posts\/40229\/revisions"}],"wp:featuredmedia":[{"embeddable":true,"href":"https:\/\/www.radiosanctispiritus.cu\/es\/wp-json\/wp\/v2\/media\/38019"}],"wp:attachment":[{"href":"https:\/\/www.radiosanctispiritus.cu\/es\/wp-json\/wp\/v2\/media?parent=40229"}],"wp:term":[{"taxonomy":"category","embeddable":true,"href":"https:\/\/www.radiosanctispiritus.cu\/es\/wp-json\/wp\/v2\/categories?post=40229"},{"taxonomy":"post_tag","embeddable":true,"href":"https:\/\/www.radiosanctispiritus.cu\/es\/wp-json\/wp\/v2\/tags?post=40229"},{"taxonomy":"author","embeddable":true,"href":"https:\/\/www.radiosanctispiritus.cu\/es\/wp-json\/wp\/v2\/coauthors?post=40229"}],"curies":[{"name":"wp","href":"https:\/\/api.w.org\/{rel}","templated":true}]}}