{"id":40206,"date":"2025-01-05T04:14:14","date_gmt":"2025-01-05T09:14:14","guid":{"rendered":"https:\/\/www.radiosanctispiritus.cu\/es\/?p=40206"},"modified":"2025-01-05T06:07:41","modified_gmt":"2025-01-05T11:07:41","slug":"trinidad-de-cuba-celebrara-su-aniversario-511","status":"publish","type":"post","link":"https:\/\/www.radiosanctispiritus.cu\/es\/trinidad-de-cuba-celebrara-su-aniversario-511\/","title":{"rendered":"Trinidad de Cuba celebrar\u00e1 su aniversario 511"},"content":{"rendered":"<p>Trinidad de Cuba arribar\u00e1 al aniversario 511 de su fundaci\u00f3n, el cual se festejar\u00e1 con la 52\u00a0 edici\u00f3n de la Semana de la Cultura, entre el 12 y el 18 de enero. Este evento estar\u00e1 dedicado a reverenciar el patrimonio de la urbe y los t\u00edtulos de Ciudad Artesanal del Mundo y Ciudad Creativa.<\/p>\n<p>Fernando D\u00edaz Ares, director de la Direcci\u00f3n Municipal de Cultura y Arte, explic\u00f3 que entre las principales propuestas figuran galas, revistas musicales con artistas de la localidad e invitados, bailables, homenajes a personalidades, inauguraciones de exposiciones y otras actividades dirigidas a diferentes p\u00fablicos.<\/p>\n<p>Seg\u00fan la misma fuente, los festejos fundacionales tambi\u00e9n incluyen actividades en instituciones como museos y galer\u00edas, mientras que la Asamblea Solemne del Poder Popular entregar\u00e1 el Premio \u00danico de las Artes a una personalidad que prestigia la cultura de la tercera villa cubana.<\/p>\n<p>Como antesala de la celebraci\u00f3n, el Museo Nacional de la Lucha Contra Bandidos acoger\u00e1 la edici\u00f3n 36 del Coloquio de la Cultura Trinitaria, con la participaci\u00f3n de investigadores y estudiosos del patrimonio de la urbe.<\/p>\n<p>Seg\u00fan explic\u00f3 a la prensa Jean Balmaceda Rond\u00f3n, especialista en cooperaci\u00f3n e investigaci\u00f3n de la Direcci\u00f3n Municipal de Cultura y Arte, m\u00e1s de una decena de investigaciones concursar\u00e1n en la cita, cuyas tem\u00e1ticas girar\u00e1n en torno a hechos hist\u00f3ricos, patrimonio local, personalidades y otras.<\/p>\n<p>El segundo domingo de enero siempre comienzan los festejos de Trinidad de Cuba, pues a partir de esa fecha se enmarca la fundaci\u00f3n de la villa por el adelantado Diego Vel\u00e1zquez, y no el 2 de enero como err\u00f3neamente promueven algunos medios de difusi\u00f3n masiva.<\/p>\n<p><iframe src=\"https:\/\/www.ivoox.com\/player_ej_137461934_6_1.html\" width=\"100%\" height=\"200\" frameborder=\"0\" scrolling=\"no\" allowfullscreen=\"allowfullscreen\"><\/iframe><\/p>\n","protected":false},"excerpt":{"rendered":"<p>Trinidad de Cuba arribar\u00e1 al aniversario 511 de su fundaci\u00f3n, el cual se festejar\u00e1 con la cincuenta y dos edici\u00f3n de la Semana de la Cultura, entre el 12 y el 18 de enero.<\/p>\n","protected":false},"author":145,"featured_media":5538,"comment_status":"open","ping_status":"open","sticky":false,"template":"","format":"standard","meta":{"_acf_changed":false,"footnotes":""},"categories":[6,9,8,1],"tags":[282,589,54],"coauthors":[],"class_list":["post-40206","post","type-post","status-publish","format-standard","has-post-thumbnail","hentry","category-cultura","category-en-audio","category-noticia","category-sancti-spiritus","tag-cultura","tag-semana-de-la-cultura","tag-trinidad-de-cuba"],"acf":[],"_links":{"self":[{"href":"https:\/\/www.radiosanctispiritus.cu\/es\/wp-json\/wp\/v2\/posts\/40206","targetHints":{"allow":["GET"]}}],"collection":[{"href":"https:\/\/www.radiosanctispiritus.cu\/es\/wp-json\/wp\/v2\/posts"}],"about":[{"href":"https:\/\/www.radiosanctispiritus.cu\/es\/wp-json\/wp\/v2\/types\/post"}],"author":[{"embeddable":true,"href":"https:\/\/www.radiosanctispiritus.cu\/es\/wp-json\/wp\/v2\/users\/145"}],"replies":[{"embeddable":true,"href":"https:\/\/www.radiosanctispiritus.cu\/es\/wp-json\/wp\/v2\/comments?post=40206"}],"version-history":[{"count":0,"href":"https:\/\/www.radiosanctispiritus.cu\/es\/wp-json\/wp\/v2\/posts\/40206\/revisions"}],"wp:featuredmedia":[{"embeddable":true,"href":"https:\/\/www.radiosanctispiritus.cu\/es\/wp-json\/wp\/v2\/media\/5538"}],"wp:attachment":[{"href":"https:\/\/www.radiosanctispiritus.cu\/es\/wp-json\/wp\/v2\/media?parent=40206"}],"wp:term":[{"taxonomy":"category","embeddable":true,"href":"https:\/\/www.radiosanctispiritus.cu\/es\/wp-json\/wp\/v2\/categories?post=40206"},{"taxonomy":"post_tag","embeddable":true,"href":"https:\/\/www.radiosanctispiritus.cu\/es\/wp-json\/wp\/v2\/tags?post=40206"},{"taxonomy":"author","embeddable":true,"href":"https:\/\/www.radiosanctispiritus.cu\/es\/wp-json\/wp\/v2\/coauthors?post=40206"}],"curies":[{"name":"wp","href":"https:\/\/api.w.org\/{rel}","templated":true}]}}