{"id":40204,"date":"2025-01-05T04:46:00","date_gmt":"2025-01-05T09:46:00","guid":{"rendered":"https:\/\/www.radiosanctispiritus.cu\/es\/?p=40204"},"modified":"2025-01-04T20:02:23","modified_gmt":"2025-01-05T01:02:23","slug":"servicio-de-atencion-a-la-familia-mostro-avances-durante-2024-en-sancti-spiritus","status":"publish","type":"post","link":"https:\/\/www.radiosanctispiritus.cu\/es\/servicio-de-atencion-a-la-familia-mostro-avances-durante-2024-en-sancti-spiritus\/","title":{"rendered":"Servicio de atenci\u00f3n a la familia mostr\u00f3 avances durante 2024 en Sancti Sp\u00edritus"},"content":{"rendered":"<p>A pesar de las dificultades, el Sistema de Atenci\u00f3n a la Familia en Sancti Sp\u00edritus mostr\u00f3 avances en 2024, seg\u00fan expres\u00f3 Ariel Fern\u00e1ndez Mart\u00edn, director del Grupo Empresarial de Comercio en este territorio.<\/p>\n<p>El directivo valor\u00f3 de favorable el trabajo de cincuenta y dos establecimientos del esquema de asistencia a la familia y dijo que diariamente aseguran las kilocalor\u00edas que deben consumir.<\/p>\n<p>Fern\u00e1ndez Mart\u00edn expuso que durante el a\u00f1o 2024 mejor\u00f3 notablemente la calidad del servicio con la entrega gratuita de un set de utensilios de cocina, contenedores para alimentos y vasos y recipientes aislantes.<\/p>\n<p>Coment\u00f3 que tambi\u00e9n se ha trabajado en la reparaci\u00f3n de los establecimientos que prestan servicio al sistema de atenci\u00f3n a la familia. Se ha laborado fuertemente en la reparaci\u00f3n y mantenimiento de los centros, y se realiz\u00f3 un gran esfuerzo para el aniversario 510 de la villa y la conmemoraci\u00f3n en Sancti Sp\u00edritus del acto nacional por el 26 de Julio, recuper\u00e1ndose un grupo de unidades de todo el sector.<\/p>\n<p>El director del Grupo Empresarial de Comercio en Sancti Sp\u00edritus apunt\u00f3 que en ning\u00fan momento durante la ausencia total de electricidad se detuvo el servicio en los establecimientos del sistema de atenci\u00f3n a la familia.<\/p>\n<p>Este proyecto, se\u00f1al\u00f3, apoya a adultos mayores y a personas en situaciones de vulnerabilidad, garantiz\u00e1ndoles arroz, viandas, ensaladas, granos y el denominado plato fuerte a base de carnes, huevo, picadillo y pescado.<\/p>\n<p>En todos los territorios espirituanos existen capacidades para prestar servicios de alimentaci\u00f3n a personas en situaci\u00f3n de vulnerabilidad, adultos mayores, individuos con discapacidad, casos sociales y otros con insuficiencia de ingresos.<\/p>\n<p>Las personas carentes de familiares que puedan prestar ayuda pueden acercarse a los trabajadores sociales de su \u00e1rea de salud para que les realicen los tr\u00e1mites.<\/p>\n<p><iframe src=\"https:\/\/www.ivoox.com\/player_ej_137461959_6_1.html?c1=7a0d0b\" width=\"100%\" height=\"200\" frameborder=\"0\" scrolling=\"no\" allowfullscreen=\"allowfullscreen\"><\/iframe><\/p>\n","protected":false},"excerpt":{"rendered":"<p>A pesar de las dificultades, el Sistema de Atenci\u00f3n a la Familia en Sancti Sp\u00edritus mostr\u00f3 avances en 2024, seg\u00fan expres\u00f3 Ariel Fern\u00e1ndez Mart\u00edn, director del Grupo Empresarial de Comercio en este territorio. <\/p>\n","protected":false},"author":18,"featured_media":26878,"comment_status":"open","ping_status":"open","sticky":false,"template":"","format":"standard","meta":{"_acf_changed":false,"footnotes":""},"categories":[16,9,8,1],"tags":[1278,189,893],"coauthors":[],"class_list":["post-40204","post","type-post","status-publish","format-standard","has-post-thumbnail","hentry","category-economia","category-en-audio","category-noticia","category-sancti-spiritus","tag-atencion-a-la-familia","tag-comercio-interior","tag-mincin"],"acf":[],"_links":{"self":[{"href":"https:\/\/www.radiosanctispiritus.cu\/es\/wp-json\/wp\/v2\/posts\/40204","targetHints":{"allow":["GET"]}}],"collection":[{"href":"https:\/\/www.radiosanctispiritus.cu\/es\/wp-json\/wp\/v2\/posts"}],"about":[{"href":"https:\/\/www.radiosanctispiritus.cu\/es\/wp-json\/wp\/v2\/types\/post"}],"author":[{"embeddable":true,"href":"https:\/\/www.radiosanctispiritus.cu\/es\/wp-json\/wp\/v2\/users\/18"}],"replies":[{"embeddable":true,"href":"https:\/\/www.radiosanctispiritus.cu\/es\/wp-json\/wp\/v2\/comments?post=40204"}],"version-history":[{"count":0,"href":"https:\/\/www.radiosanctispiritus.cu\/es\/wp-json\/wp\/v2\/posts\/40204\/revisions"}],"wp:featuredmedia":[{"embeddable":true,"href":"https:\/\/www.radiosanctispiritus.cu\/es\/wp-json\/wp\/v2\/media\/26878"}],"wp:attachment":[{"href":"https:\/\/www.radiosanctispiritus.cu\/es\/wp-json\/wp\/v2\/media?parent=40204"}],"wp:term":[{"taxonomy":"category","embeddable":true,"href":"https:\/\/www.radiosanctispiritus.cu\/es\/wp-json\/wp\/v2\/categories?post=40204"},{"taxonomy":"post_tag","embeddable":true,"href":"https:\/\/www.radiosanctispiritus.cu\/es\/wp-json\/wp\/v2\/tags?post=40204"},{"taxonomy":"author","embeddable":true,"href":"https:\/\/www.radiosanctispiritus.cu\/es\/wp-json\/wp\/v2\/coauthors?post=40204"}],"curies":[{"name":"wp","href":"https:\/\/api.w.org\/{rel}","templated":true}]}}