{"id":40167,"date":"2025-01-04T13:40:42","date_gmt":"2025-01-04T18:40:42","guid":{"rendered":"https:\/\/www.radiosanctispiritus.cu\/es\/?p=40167"},"modified":"2025-01-04T13:41:18","modified_gmt":"2025-01-04T18:41:18","slug":"sancti-spiritus-disminuye-su-deficit-presupuestario","status":"publish","type":"post","link":"https:\/\/www.radiosanctispiritus.cu\/es\/sancti-spiritus-disminuye-su-deficit-presupuestario\/","title":{"rendered":"Sancti Sp\u00edritus disminuye su d\u00e9ficit presupuestario"},"content":{"rendered":"<p>Aunque a\u00fan persisten insatisfacciones en varios programas alimentarios, la provincia de Sancti Sp\u00edritus disminuy\u00f3 su d\u00e9ficit presupuestario al cierre de 2024 y consolid\u00f3 los indicadores del programa de atenci\u00f3n materno-infantil entre los mejores del pa\u00eds, gracias al esfuerzo de trabajadores y especialistas.<\/p>\n<p>Seg\u00fan Julio Luis Jim\u00e9nez L\u00f3pez, miembro del Bur\u00f3 Provincial del Partido, el a\u00f1o anterior estuvo marcado por complejidades y limitaciones de recursos pero, \u00a0el pueblo supo imponerse.<\/p>\n<p>Sancti Sp\u00edritus redujo su d\u00e9ficit presupuestario en un 70%, gracias a los ingresos captados y la ejecuci\u00f3n del presupuesto.<\/p>\n<p>En la siembra y producci\u00f3n de cultivos varios, se cumplieron todos los indicadores, reflej\u00e1ndose en la mesa de los espirituanos.<\/p>\n<p>La provincia tambi\u00e9n cumpli\u00f3 su plan de captura acu\u00edcola, aunque a\u00fan insuficiente, y destac\u00f3 por la alta supervivencia en unidades de cuidados intensivos neonatales y pedi\u00e1tricos, con una tasa de mortalidad infantil de 3.27 por cada mil nacidos vivos.<\/p>\n<p>La esperanza de vida al nacer en Sancti Sp\u00edritus es de 79 a\u00f1os, un indicador comparable a pa\u00edses de primer mundo. La provincia adopta medidas para enfrentar el envejecimiento poblacional, reincorporando a jubilados y estimulando la calidad en medio de las limitaciones.<\/p>\n<p>En 2024, se potenci\u00f3 el trabajo en barrios y comunidades, identificando 70 comunidades en situaciones de vulnerabilidad.<br \/>\n<iframe src=\"https:\/\/www.ivoox.com\/player_ej_137446743_6_1.html?c1=7a0d0b\" width=\"100%\" height=\"200\" frameborder=\"0\" scrolling=\"no\" allowfullscreen=\"allowfullscreen\"><\/iframe><\/p>\n","protected":false},"excerpt":{"rendered":"<p>Aunque a\u00fan persisten insatisfacciones en varios programas alimentarios, la provincia de Sancti Sp\u00edritus disminuy\u00f3 su d\u00e9ficit presupuestario al cierre de 2024<\/p>\n","protected":false},"author":29,"featured_media":24960,"comment_status":"open","ping_status":"open","sticky":false,"template":"","format":"standard","meta":{"_acf_changed":false,"footnotes":""},"categories":[16,9],"tags":[1608,1609,71],"coauthors":[],"class_list":["post-40167","post","type-post","status-publish","format-standard","has-post-thumbnail","hentry","category-economia","category-en-audio","tag-acuicultura","tag-deficit-presupuestario","tag-economia"],"acf":[],"_links":{"self":[{"href":"https:\/\/www.radiosanctispiritus.cu\/es\/wp-json\/wp\/v2\/posts\/40167","targetHints":{"allow":["GET"]}}],"collection":[{"href":"https:\/\/www.radiosanctispiritus.cu\/es\/wp-json\/wp\/v2\/posts"}],"about":[{"href":"https:\/\/www.radiosanctispiritus.cu\/es\/wp-json\/wp\/v2\/types\/post"}],"author":[{"embeddable":true,"href":"https:\/\/www.radiosanctispiritus.cu\/es\/wp-json\/wp\/v2\/users\/29"}],"replies":[{"embeddable":true,"href":"https:\/\/www.radiosanctispiritus.cu\/es\/wp-json\/wp\/v2\/comments?post=40167"}],"version-history":[{"count":0,"href":"https:\/\/www.radiosanctispiritus.cu\/es\/wp-json\/wp\/v2\/posts\/40167\/revisions"}],"wp:featuredmedia":[{"embeddable":true,"href":"https:\/\/www.radiosanctispiritus.cu\/es\/wp-json\/wp\/v2\/media\/24960"}],"wp:attachment":[{"href":"https:\/\/www.radiosanctispiritus.cu\/es\/wp-json\/wp\/v2\/media?parent=40167"}],"wp:term":[{"taxonomy":"category","embeddable":true,"href":"https:\/\/www.radiosanctispiritus.cu\/es\/wp-json\/wp\/v2\/categories?post=40167"},{"taxonomy":"post_tag","embeddable":true,"href":"https:\/\/www.radiosanctispiritus.cu\/es\/wp-json\/wp\/v2\/tags?post=40167"},{"taxonomy":"author","embeddable":true,"href":"https:\/\/www.radiosanctispiritus.cu\/es\/wp-json\/wp\/v2\/coauthors?post=40167"}],"curies":[{"name":"wp","href":"https:\/\/api.w.org\/{rel}","templated":true}]}}