{"id":39972,"date":"2024-12-30T04:39:04","date_gmt":"2024-12-30T09:39:04","guid":{"rendered":"https:\/\/www.radiosanctispiritus.cu\/es\/?p=39972"},"modified":"2024-12-29T15:34:17","modified_gmt":"2024-12-29T20:34:17","slug":"museo-frente-de-las-villas-donde-la-historia-vive","status":"publish","type":"post","link":"https:\/\/www.radiosanctispiritus.cu\/es\/museo-frente-de-las-villas-donde-la-historia-vive\/","title":{"rendered":"Museo Frente de Las Villas, donde la historia vive"},"content":{"rendered":"<p>El Museo del Frente de Las Villas\u00a0est\u00e1 ubicado en el poblado de Gavilanes, en el municipio\u00a0Fomento, y fue inaugurado el 16 de octubre de 2003, en conmemoraci\u00f3n al 45 aniversario de la fundaci\u00f3n del Frente de Las Villas y la llegada del Che a ese poblado.<\/p>\n<div id=\"attachment_39979\" style=\"width: 610px\" class=\"wp-caption aligncenter\"><img decoding=\"async\" aria-describedby=\"caption-attachment-39979\" class=\"size-medium wp-image-39979\" src=\"https:\/\/www.radiosanctispiritus.cu\/es\/wp-content\/uploads\/Museo-Frente-de-Las-Villas7-600x489.jpg\" alt=\"Uno de los mulos utilizados por el Ch\u00e9 en la Sierra Maestra se expone en una de las salas del Museo. Foto: Oscar Alfonso Sosa.\" width=\"600\" height=\"489\" srcset=\"https:\/\/www.radiosanctispiritus.cu\/es\/wp-content\/uploads\/Museo-Frente-de-Las-Villas7-600x489.jpg 600w, https:\/\/www.radiosanctispiritus.cu\/es\/wp-content\/uploads\/Museo-Frente-de-Las-Villas7.jpg 614w\" sizes=\"(max-width: 600px) 100vw, 600px\" \/><p id=\"caption-attachment-39979\" class=\"wp-caption-text\">Uno de los mulos utilizados por el Ch\u00e9 en la Sierra Maestra se expone en una de las salas del Museo. Foto: Oscar Alfonso Sosa.<\/p><\/div>\n<p>Durante la \u00faltima etapa de lucha del pueblo cubano, el Comandante\u00a0Ernesto Che Guevara, despu\u00e9s de llevar a cabo la invasi\u00f3n desde el Oriente del pa\u00eds, lleg\u00f3 a ese poblado el\u00a016 de octubre\u00a0de\u00a01958, donde estableci\u00f3 su campamento y desarroll\u00f3 importantes combates, e inici\u00f3 la Campa\u00f1a de Las Villas que no culminar\u00eda hasta la\u00a0Batalla de Santa Clara.<\/p>\n<p>El inmueble donde est\u00e1 el Museo fue una vivienda campesina con paredes de tabla y techo de tejas construidas a inicios del siglo XIX.<\/p>\n<div id=\"attachment_39981\" style=\"width: 610px\" class=\"wp-caption aligncenter\"><img decoding=\"async\" aria-describedby=\"caption-attachment-39981\" class=\"size-medium wp-image-39981\" src=\"https:\/\/www.radiosanctispiritus.cu\/es\/wp-content\/uploads\/Museo-Frente-de-Las-Villas9-600x400.jpg\" alt=\"Vista del Museo. Foto: Oscar Alfonso Sosa.\" width=\"600\" height=\"400\" srcset=\"https:\/\/www.radiosanctispiritus.cu\/es\/wp-content\/uploads\/Museo-Frente-de-Las-Villas9-600x400.jpg 600w, https:\/\/www.radiosanctispiritus.cu\/es\/wp-content\/uploads\/Museo-Frente-de-Las-Villas9.jpg 750w\" sizes=\"(max-width: 600px) 100vw, 600px\" \/><p id=\"caption-attachment-39981\" class=\"wp-caption-text\">Vista del Museo. Foto: Oscar Alfonso Sosa.<\/p><\/div>\n<p>Los due\u00f1os de la casa en esa \u00e9poca, Felipa Su\u00e1rez y Antonio Hern\u00e1ndez, le ofrecen la vivienda al Che y su columna para convertirla en una posta m\u00e9dica.<br \/>\nDespu\u00e9s del\u00a0Triunfo de la Revoluci\u00f3n\u00a0en\u00a01959\u00a0la vivienda tiene diversos usos: como campamento de las milicias en la lucha contra bandidos, comedor obrero y c\u00edrculo social hasta 1988, cuando fue reparada por el gobierno municipal para convertirla en sala adjunta al\u00a0Museo Municipal de Fomento\u00a0con el objetivo de recibir las caminatas a\u00a0Caballete de Casa.<\/p>\n<p>En esas funciones permaneci\u00f3 hasta el a\u00f1o\u00a02003\u00a0cuando despu\u00e9s de una nueva restauraci\u00f3n es convertida en el Museo Frente de Las Villas. Para su inauguraci\u00f3n, en su frente, se le construy\u00f3 una escultura de hormig\u00f3n y acero realizada por el desaparecido artista\u00a0Jos\u00e9 Delarra.<\/p>\n<div id=\"attachment_39973\" style=\"width: 610px\" class=\"wp-caption aligncenter\"><img decoding=\"async\" aria-describedby=\"caption-attachment-39973\" class=\"size-medium wp-image-39973\" src=\"https:\/\/www.radiosanctispiritus.cu\/es\/wp-content\/uploads\/Museo-Frente-de-Las-Villas1-600x458.jpg\" alt=\"Esta escultura de hormig\u00f3n y acero realizada por el desaparecido artista Jos\u00e9 Delarra, da la bienvenida al visitante. Foto: Oscar Alfonso Sosa.\" width=\"600\" height=\"458\" srcset=\"https:\/\/www.radiosanctispiritus.cu\/es\/wp-content\/uploads\/Museo-Frente-de-Las-Villas1-600x458.jpg 600w, https:\/\/www.radiosanctispiritus.cu\/es\/wp-content\/uploads\/Museo-Frente-de-Las-Villas1.jpg 655w\" sizes=\"(max-width: 600px) 100vw, 600px\" \/><p id=\"caption-attachment-39973\" class=\"wp-caption-text\">Esta escultura de hormig\u00f3n y acero realizada por el desaparecido artista Jos\u00e9 Delarra, da la bienvenida al visitante. Foto: Oscar Alfonso Sosa.<\/p><\/div>\n<p>Este tiene la forma de un gavil\u00e1n, aleg\u00f3rico al nombre de la zona y de su centro emerge la figura del Che que, con la vegetaci\u00f3n, \u00a0da la sensaci\u00f3n de estar vestido de verde olivo.<\/p>\n<p>El museo posee 6 salas internas y una externa, donde se pueden encontrar pasajes de las acciones del Ej\u00e9rcito Rebelde, la Columna 8 y la vida del Che.<\/p>\n<div id=\"attachment_39974\" style=\"width: 605px\" class=\"wp-caption aligncenter\"><img decoding=\"async\" aria-describedby=\"caption-attachment-39974\" class=\"size-full wp-image-39974\" src=\"https:\/\/www.radiosanctispiritus.cu\/es\/wp-content\/uploads\/Museo-Frente-de-Las-Villas2.jpg\" alt=\"Detalles de las salas expositivas del Museo. Foto: Oscar Alfonso Sosa.\" width=\"595\" height=\"500\" \/><p id=\"caption-attachment-39974\" class=\"wp-caption-text\">Detalles de las salas expositivas del Museo. Foto: Oscar Alfonso Sosa.<\/p><\/div>\n<div id=\"attachment_39975\" style=\"width: 610px\" class=\"wp-caption aligncenter\"><img decoding=\"async\" aria-describedby=\"caption-attachment-39975\" class=\"size-medium wp-image-39975\" src=\"https:\/\/www.radiosanctispiritus.cu\/es\/wp-content\/uploads\/Museo-Frente-de-Las-Villas3-600x446.jpg\" alt=\"Municiones utilizadas en la campa\u00f1a de Las Villas por el Ch\u00e9 y sus combatientes se exponen en el Museo. Foto: Oscar Alfonso Sosa.\" width=\"600\" height=\"446\" srcset=\"https:\/\/www.radiosanctispiritus.cu\/es\/wp-content\/uploads\/Museo-Frente-de-Las-Villas3-600x446.jpg 600w, https:\/\/www.radiosanctispiritus.cu\/es\/wp-content\/uploads\/Museo-Frente-de-Las-Villas3.jpg 672w\" sizes=\"(max-width: 600px) 100vw, 600px\" \/><p id=\"caption-attachment-39975\" class=\"wp-caption-text\">Municiones utilizadas en la campa\u00f1a de Las Villas por el Ch\u00e9 y sus combatientes se exponen en el Museo. Foto: Oscar Alfonso Sosa.<\/p><\/div>\n<div id=\"attachment_39976\" style=\"width: 608px\" class=\"wp-caption aligncenter\"><img decoding=\"async\" aria-describedby=\"caption-attachment-39976\" class=\"size-full wp-image-39976\" src=\"https:\/\/www.radiosanctispiritus.cu\/es\/wp-content\/uploads\/Museo-Frente-de-Las-Villas4.jpg\" alt=\"Bonos y brazaletes aleg\u00f3ricos al movimiento 26 de Julio expuestos en la instituci\u00f3n. Foto: Oscar Alfonso Sosa.\" width=\"598\" height=\"500\" \/><p id=\"caption-attachment-39976\" class=\"wp-caption-text\">Bonos y brazaletes aleg\u00f3ricos al movimiento 26 de Julio expuestos en la instituci\u00f3n. Foto: Oscar Alfonso Sosa.<\/p><\/div>\n<div id=\"attachment_39977\" style=\"width: 610px\" class=\"wp-caption aligncenter\"><img decoding=\"async\" aria-describedby=\"caption-attachment-39977\" class=\"size-medium wp-image-39977\" src=\"https:\/\/www.radiosanctispiritus.cu\/es\/wp-content\/uploads\/Museo-Frente-de-Las-Villas5-600x444.jpg\" alt=\"Sala inicial del Museo. Foto: Oscar Alfonso Sosa.\" width=\"600\" height=\"444\" srcset=\"https:\/\/www.radiosanctispiritus.cu\/es\/wp-content\/uploads\/Museo-Frente-de-Las-Villas5-600x444.jpg 600w, https:\/\/www.radiosanctispiritus.cu\/es\/wp-content\/uploads\/Museo-Frente-de-Las-Villas5.jpg 675w\" sizes=\"(max-width: 600px) 100vw, 600px\" \/><p id=\"caption-attachment-39977\" class=\"wp-caption-text\">Sala inicial del Museo. Foto: Oscar Alfonso Sosa.<\/p><\/div>\n<div id=\"attachment_39978\" style=\"width: 610px\" class=\"wp-caption aligncenter\"><img decoding=\"async\" aria-describedby=\"caption-attachment-39978\" class=\"size-medium wp-image-39978\" src=\"https:\/\/www.radiosanctispiritus.cu\/es\/wp-content\/uploads\/Museo-Frente-de-Las-Villas6-600x400.jpg\" alt=\"En una de las salas se exponen armamentos ideados por el Ch\u00e9 y utilizados por su columna rebelde. Foto: Oscar Alfonso Sosa.\" width=\"600\" height=\"400\" srcset=\"https:\/\/www.radiosanctispiritus.cu\/es\/wp-content\/uploads\/Museo-Frente-de-Las-Villas6-600x400.jpg 600w, https:\/\/www.radiosanctispiritus.cu\/es\/wp-content\/uploads\/Museo-Frente-de-Las-Villas6.jpg 750w\" sizes=\"(max-width: 600px) 100vw, 600px\" \/><p id=\"caption-attachment-39978\" class=\"wp-caption-text\">En una de las salas se exponen armamentos ideados por el Ch\u00e9 y utilizados por su columna rebelde. Foto: Oscar Alfonso Sosa.<\/p><\/div>\n","protected":false},"excerpt":{"rendered":"<p>El Museo del Frente de Las Villas est\u00e1 ubicado en el poblado de Gavilanes, en el municipio Fomento, y fue inaugurado el 16 de octubre de 2003, en conmemoraci\u00f3n al 45 aniversario de la fundaci\u00f3n del Frente de Las Villas y la llegada del Che a ese poblado.<\/p>\n","protected":false},"author":15,"featured_media":39980,"comment_status":"open","ping_status":"open","sticky":false,"template":"","format":"standard","meta":{"_acf_changed":false,"footnotes":""},"categories":[11,8,1],"tags":[1598,1596,1597,630,1555,1595,1594],"coauthors":[],"class_list":["post-39972","post","type-post","status-publish","format-standard","has-post-thumbnail","hentry","category-fotorreportaje","category-noticia","category-sancti-spiritus","tag-campana-de-las-villas","tag-che","tag-comandante-ernesto-che-guevara","tag-fomento","tag-frente-de-las-villas","tag-gavilanes","tag-museo"],"acf":[],"_links":{"self":[{"href":"https:\/\/www.radiosanctispiritus.cu\/es\/wp-json\/wp\/v2\/posts\/39972","targetHints":{"allow":["GET"]}}],"collection":[{"href":"https:\/\/www.radiosanctispiritus.cu\/es\/wp-json\/wp\/v2\/posts"}],"about":[{"href":"https:\/\/www.radiosanctispiritus.cu\/es\/wp-json\/wp\/v2\/types\/post"}],"author":[{"embeddable":true,"href":"https:\/\/www.radiosanctispiritus.cu\/es\/wp-json\/wp\/v2\/users\/15"}],"replies":[{"embeddable":true,"href":"https:\/\/www.radiosanctispiritus.cu\/es\/wp-json\/wp\/v2\/comments?post=39972"}],"version-history":[{"count":0,"href":"https:\/\/www.radiosanctispiritus.cu\/es\/wp-json\/wp\/v2\/posts\/39972\/revisions"}],"wp:featuredmedia":[{"embeddable":true,"href":"https:\/\/www.radiosanctispiritus.cu\/es\/wp-json\/wp\/v2\/media\/39980"}],"wp:attachment":[{"href":"https:\/\/www.radiosanctispiritus.cu\/es\/wp-json\/wp\/v2\/media?parent=39972"}],"wp:term":[{"taxonomy":"category","embeddable":true,"href":"https:\/\/www.radiosanctispiritus.cu\/es\/wp-json\/wp\/v2\/categories?post=39972"},{"taxonomy":"post_tag","embeddable":true,"href":"https:\/\/www.radiosanctispiritus.cu\/es\/wp-json\/wp\/v2\/tags?post=39972"},{"taxonomy":"author","embeddable":true,"href":"https:\/\/www.radiosanctispiritus.cu\/es\/wp-json\/wp\/v2\/coauthors?post=39972"}],"curies":[{"name":"wp","href":"https:\/\/api.w.org\/{rel}","templated":true}]}}