{"id":39698,"date":"2024-12-29T04:45:23","date_gmt":"2024-12-29T09:45:23","guid":{"rendered":"https:\/\/www.radiosanctispiritus.cu\/es\/?p=39698"},"modified":"2024-12-24T08:37:46","modified_gmt":"2024-12-24T13:37:46","slug":"el-silencio-de-las-ruinas","status":"publish","type":"post","link":"https:\/\/www.radiosanctispiritus.cu\/es\/el-silencio-de-las-ruinas\/","title":{"rendered":"El silencio de las ruinas"},"content":{"rendered":"<p>All\u00ed est\u00e1n, despiertas siempre, al amparo de los amaneceres tibios, de los ocasos bajo la brisa suave de las monta\u00f1as, del bravo sol de todos los tiempos.<\/p>\n<p>Sus paredes esconden el lamento de los negros arrancado por el l\u00e1tigo del mayoral, del sudor, del olor de la ca\u00f1a reci\u00e9n cortada.<\/p>\n<p>Al desnudo, sus ladrillos hablan, piden se les escuche.<\/p>\n<p>Las amplias habitaciones de la rectangular edificaci\u00f3n de lo que fuera herrer\u00eda y enfermer\u00eda de esclavos guardan historias que se retuercen en cada porci\u00f3n de ese espacio del antiguo Ingenio San Fco. Javier o Manacas Iznaga que se encuentra ubicado en el km 15 de la carretera Trinidad\u00a0&#8211;\u00a0Sancti Sp\u00edritus.<\/p>\n<p>Puede estar a la sombra de la enorme torre, de la mirada desde lo alto, de la casa hacienda, pero su presencia es sempiterna, aunque el tiempo, los tiempos y los haceres endeudados persistan.<\/p>\n<p>No son ruinas, son historia viva, que busca la luz, porque el sendero est\u00e1 ah\u00ed, presto a quien quiera acariciar una porci\u00f3n de un ayer imprescindible.<\/p>\n<div id=\"attachment_39700\" style=\"width: 568px\" class=\"wp-caption aligncenter\"><img decoding=\"async\" aria-describedby=\"caption-attachment-39700\" class=\"size-full wp-image-39700\" src=\"https:\/\/www.radiosanctispiritus.cu\/es\/wp-content\/uploads\/de-las-ruinas1.jpg\" alt=\"All\u00ed, con todas sus revelaciones, la enfermer\u00eda de esclavos cuenta su historia. Foto: Oscar Alfonso Sosa.\" width=\"558\" height=\"400\" \/><p id=\"caption-attachment-39700\" class=\"wp-caption-text\">All\u00ed, con todas sus revelaciones, la enfermer\u00eda de esclavos cuenta su historia. Foto: Oscar Alfonso Sosa.<\/p><\/div>\n<div id=\"attachment_39701\" style=\"width: 610px\" class=\"wp-caption aligncenter\"><img decoding=\"async\" aria-describedby=\"caption-attachment-39701\" class=\"size-full wp-image-39701\" src=\"https:\/\/www.radiosanctispiritus.cu\/es\/wp-content\/uploads\/de-las-ruinas2.jpg\" alt=\"Desde las ruinas de la otrora enfermer\u00eda de esclavos y herrer\u00eda, Manaca Iznaga se redescubre. Foto: Oscar Alfonso Sosa.\" width=\"600\" height=\"400\" \/><p id=\"caption-attachment-39701\" class=\"wp-caption-text\">Desde las ruinas de la otrora enfermer\u00eda de esclavos y herrer\u00eda, Manaca Iznaga se redescubre. Foto: Oscar Alfonso Sosa.<\/p><\/div>\n<div id=\"attachment_39703\" style=\"width: 610px\" class=\"wp-caption aligncenter\"><img decoding=\"async\" aria-describedby=\"caption-attachment-39703\" class=\"size-full wp-image-39703\" src=\"https:\/\/www.radiosanctispiritus.cu\/es\/wp-content\/uploads\/de-las-ruinas4.jpg\" alt=\"Vista de parte de la antigua enfermer\u00eda de esclavos de Manaca Iznaga. Foto: Oscar Alfonso Sosa.\" width=\"600\" height=\"400\" \/><p id=\"caption-attachment-39703\" class=\"wp-caption-text\">Vista de parte de la antigua enfermer\u00eda de esclavos de Manaca Iznaga. Foto: Oscar Alfonso Sosa.<\/p><\/div>\n<div id=\"attachment_39705\" style=\"width: 610px\" class=\"wp-caption aligncenter\"><img decoding=\"async\" aria-describedby=\"caption-attachment-39705\" class=\"size-full wp-image-39705\" src=\"https:\/\/www.radiosanctispiritus.cu\/es\/wp-content\/uploads\/de-las-ruinas6.jpg\" alt=\"Las ruinas hablan desde su silencio. Foto: Oscar Alfonso Sosa.\" width=\"600\" height=\"400\" \/><p id=\"caption-attachment-39705\" class=\"wp-caption-text\">Las ruinas hablan desde su silencio. Foto: Oscar Alfonso Sosa.<\/p><\/div>\n<div id=\"attachment_39702\" style=\"width: 610px\" class=\"wp-caption aligncenter\"><img decoding=\"async\" aria-describedby=\"caption-attachment-39702\" class=\"size-full wp-image-39702\" src=\"https:\/\/www.radiosanctispiritus.cu\/es\/wp-content\/uploads\/de-las-ruinas3.jpg\" alt=\"Desde sus huellas, la historia cobra matices. Foto: Oscar Alfonso Sosa.\" width=\"600\" height=\"400\" \/><p id=\"caption-attachment-39702\" class=\"wp-caption-text\">Desde sus huellas, la historia cobra matices. Foto: Oscar Alfonso Sosa.<\/p><\/div>\n","protected":false},"excerpt":{"rendered":"<p>Las amplias habitaciones de la rectangular edificaci\u00f3n de lo que fuera herrer\u00eda y enfermer\u00eda de esclavos guardan historias que se retuercen en cada porci\u00f3n de ese espacio del antiguo Ingenio San Fco. Javier o Manacas Iznaga que se encuentra ubicado en el km 15 de la carretera Trinidad\u00a0&#8211;\u00a0Sancti Sp\u00edritus.<\/p>\n","protected":false},"author":15,"featured_media":39704,"comment_status":"open","ping_status":"open","sticky":false,"template":"","format":"standard","meta":{"_acf_changed":false,"footnotes":""},"categories":[11,8,1],"tags":[1573,32,40],"coauthors":[],"class_list":["post-39698","post","type-post","status-publish","format-standard","has-post-thumbnail","hentry","category-fotorreportaje","category-noticia","category-sancti-spiritus","tag-manaca-iznaga","tag-patrimonio","tag-trinidad"],"acf":[],"_links":{"self":[{"href":"https:\/\/www.radiosanctispiritus.cu\/es\/wp-json\/wp\/v2\/posts\/39698","targetHints":{"allow":["GET"]}}],"collection":[{"href":"https:\/\/www.radiosanctispiritus.cu\/es\/wp-json\/wp\/v2\/posts"}],"about":[{"href":"https:\/\/www.radiosanctispiritus.cu\/es\/wp-json\/wp\/v2\/types\/post"}],"author":[{"embeddable":true,"href":"https:\/\/www.radiosanctispiritus.cu\/es\/wp-json\/wp\/v2\/users\/15"}],"replies":[{"embeddable":true,"href":"https:\/\/www.radiosanctispiritus.cu\/es\/wp-json\/wp\/v2\/comments?post=39698"}],"version-history":[{"count":0,"href":"https:\/\/www.radiosanctispiritus.cu\/es\/wp-json\/wp\/v2\/posts\/39698\/revisions"}],"wp:featuredmedia":[{"embeddable":true,"href":"https:\/\/www.radiosanctispiritus.cu\/es\/wp-json\/wp\/v2\/media\/39704"}],"wp:attachment":[{"href":"https:\/\/www.radiosanctispiritus.cu\/es\/wp-json\/wp\/v2\/media?parent=39698"}],"wp:term":[{"taxonomy":"category","embeddable":true,"href":"https:\/\/www.radiosanctispiritus.cu\/es\/wp-json\/wp\/v2\/categories?post=39698"},{"taxonomy":"post_tag","embeddable":true,"href":"https:\/\/www.radiosanctispiritus.cu\/es\/wp-json\/wp\/v2\/tags?post=39698"},{"taxonomy":"author","embeddable":true,"href":"https:\/\/www.radiosanctispiritus.cu\/es\/wp-json\/wp\/v2\/coauthors?post=39698"}],"curies":[{"name":"wp","href":"https:\/\/api.w.org\/{rel}","templated":true}]}}