{"id":39636,"date":"2025-01-01T00:03:10","date_gmt":"2025-01-01T05:03:10","guid":{"rendered":"https:\/\/www.radiosanctispiritus.cu\/es\/?p=39636"},"modified":"2024-12-31T22:10:26","modified_gmt":"2025-01-01T03:10:26","slug":"sancti-spiritus-a-la-vuelta-de-365-dias","status":"publish","type":"post","link":"https:\/\/www.radiosanctispiritus.cu\/es\/sancti-spiritus-a-la-vuelta-de-365-dias\/","title":{"rendered":"Sancti Sp\u00edritus: A la vuelta de 365 d\u00edas"},"content":{"rendered":"<p>Aferrados a la memoria, al tiempo, siguen los acordes trovadorescos, los pasacalles espirituanos; aferrados a la memoria, igualmente, el tropel del caballo y, sobre todo, las ideas del m\u00e1s guerrero de los hijos nacidos en esta tierra del centro de Cuba, el Mayor General Seraf\u00edn S\u00e1nchez Valdivia. As\u00ed lo volvimos a confirmar durante el 2024, a\u00f1o marcado por significativos acontecimientos.<\/p>\n<p><strong>UN 26 CON SELLO ESPIRITUANO<\/strong><\/p>\n<p>La historia no puede sepultarse; hoy somos porque hubo un ayer heroico. A sabiendas de ello, el Bur\u00f3 Pol\u00edtico del Comit\u00e9 Central del Partido Comunista de Cuba otorg\u00f3 a la provincia de Sancti Sp\u00edritus la sede del acto nacional en ocasi\u00f3n del aniversario 71 del asalto a los cuarteles Moncada y Carlos Manuel de C\u00e9spedes, celebrado en la Plaza de la Revoluci\u00f3n Mayor General Seraf\u00edn S\u00e1nchez Valdivia.<\/p>\n<div id=\"attachment_39638\" style=\"width: 562px\" class=\"wp-caption aligncenter\"><img decoding=\"async\" aria-describedby=\"caption-attachment-39638\" class=\"size-full wp-image-39638\" src=\"https:\/\/www.radiosanctispiritus.cu\/es\/wp-content\/uploads\/02-FOTO-DOS.jpg\" alt=\"Salvador Vald\u00e9s Mesa felicit\u00f3 a los espirituanos por estar siempre \u201ca la altura de su gloriosa historia. Foto: Estudios Revoluci\u00f3n.\" width=\"552\" height=\"400\" \/><p id=\"caption-attachment-39638\" class=\"wp-caption-text\">Salvador Vald\u00e9s Mesa felicit\u00f3 a los espirituanos por estar siempre \u201ca la altura de su gloriosa historia. Foto: Estudios Revoluci\u00f3n.<\/p><\/div>\n<p>Ante el l\u00edder de la Revoluci\u00f3n, Ra\u00fal Castro, y el presidente Miguel D\u00edaz-Canel, acompa\u00f1ados por cinco mil espirituanos, Salvador Vald\u00e9s Mesa, miembro del Bur\u00f3 Pol\u00edtico del Comit\u00e9 Central del Partido y vicepresidente de la Rep\u00fablica, destac\u00f3 la consagraci\u00f3n del pueblo de esta provincia.<\/p>\n<p>En este sentido transmiti\u00f3, en nombre de la direcci\u00f3n del Partido y del Gobierno una merecida felicitaci\u00f3n por tanto esfuerzo, y especialmente por sus resultados; \u201cpor haber sabido estar, una vez m\u00e1s, a la altura de su gloriosa historia, y de su tradici\u00f3n de lucha desde la etapa colonial hasta el presente\u201d.<\/p>\n<p>El miembro del Bur\u00f3 Pol\u00edtico del Partido reconoci\u00f3 el v\u00ednculo permanente de la direcci\u00f3n de la provincia con las masas, lo cual permiti\u00f3 lograr en este territorio una estabilidad en programas de amplio alcance social relacionados con la educaci\u00f3n, la cultura, el deporte, la salud y en otros sectores.<\/p>\n<div id=\"attachment_39639\" style=\"width: 573px\" class=\"wp-caption aligncenter\"><img decoding=\"async\" aria-describedby=\"caption-attachment-39639\" class=\"size-full wp-image-39639\" src=\"https:\/\/www.radiosanctispiritus.cu\/es\/wp-content\/uploads\/03-FOTO-TRES.jpg\" alt=\"Deivy P\u00e9rez Mart\u00edn resumi\u00f3 los resultados fundamentales alcanzados por la provincia gracias al empe\u00f1o del pueblo. Foto: Estudios Revoluci\u00f3n.\" width=\"563\" height=\"400\" \/><p id=\"caption-attachment-39639\" class=\"wp-caption-text\">Deivy P\u00e9rez Mart\u00edn resumi\u00f3 los resultados fundamentales alcanzados por la provincia gracias al empe\u00f1o del pueblo. Foto: Estudios Revoluci\u00f3n.<\/p><\/div>\n<p>Durante la celebraci\u00f3n de la efem\u00e9ride moncadista, Deivy P\u00e9rez Mart\u00edn, integrante del Comit\u00e9 Central del Partido y primera secretaria de la organizaci\u00f3n pol\u00edtica en Sancti Sp\u00edritus, resalt\u00f3 el desempe\u00f1o integral del territorio en la \u00faltima etapa.<\/p>\n<p>\u201cNi los espirituanos ni los cubanos les fallaremos a la Revoluci\u00f3n porque en nuestra tierra se habla de hero\u00edsmo y valent\u00eda y estamos convencidos de que s\u00ed se puede y que venceremos los obst\u00e1culos\u201d, expuso.<\/p>\n<p>La miembro del Comit\u00e9 Central del Partido hizo alusi\u00f3n a las numerosas acciones constructivas ejecutadas en la provincia dirigidas a mejorar la infraestructura y los servicios de sectores como educaci\u00f3n, salud, cultura, deporte, turismo, agricultura, Comercio, comunicaciones y acueductos.<\/p>\n<div id=\"attachment_39640\" style=\"width: 560px\" class=\"wp-caption aligncenter\"><img decoding=\"async\" aria-describedby=\"caption-attachment-39640\" class=\"size-full wp-image-39640\" src=\"https:\/\/www.radiosanctispiritus.cu\/es\/wp-content\/uploads\/04-FOTO-CUATRO.jpg\" alt=\"Avanzar desde la innovaci\u00f3n y con resistencia creativa fue la exhortaci\u00f3n constante de D\u00edaz-Canel en sus visitas a Sancti Sp\u00edritus. Foto: Alien Fern\u00e1ndez.\" width=\"550\" height=\"400\" \/><p id=\"caption-attachment-39640\" class=\"wp-caption-text\">Avanzar desde la innovaci\u00f3n y con resistencia creativa fue la exhortaci\u00f3n constante de D\u00edaz-Canel en sus visitas a Sancti Sp\u00edritus. Foto: Alien Fern\u00e1ndez.<\/p><\/div>\n<p>DIAZ-CANEL EN SANCTI SPIRITUS<\/p>\n<p>Al repasar lo acontecido durante 2024 en la provincia de Sancti Sp\u00edritus, sobresalen las visitas de trabajo realizadas en varias ocasiones a este territorio por el mandatario cubano Miguel D\u00edaz-Canel, quien recorri\u00f3 los municipios de Yaguajay, Cabaigu\u00e1n, Jatibonico, La Sierpe y Sancti Sp\u00edritus.<\/p>\n<p>Avanzar desde la innovaci\u00f3n y con resistencia creativa fue la exhortaci\u00f3n constante de D\u00edaz-Canel al visitar los centros de entidades econ\u00f3micas e instituciones sociales y en los intercambios con los espirituanos.<\/p>\n<p>Al recorrer sitios de inter\u00e9s econ\u00f3mico de La Sierpe, el mandatario cubano calific\u00f3 a este pueblo de trabajador y laborioso. \u201cEs este un municipio con muchas potencialidades, s\u00f3lo produciendo arroz y con el desarrollo ganadero que se ha fomentado, hay un nivel de actividad agropecuaria alto\u201d, resalt\u00f3.<\/p>\n<p>Cada una de sus visitas de trabajo a la provincia devino amplio encuentro con dirigentes partidistas y gubernamentales y con directivos de esta regi\u00f3n central, en los cuales, D\u00edaz-Canel manifest\u00f3 \u201cser muy estimulante ver c\u00f3mo se ha enfocado aqu\u00ed el trabajo, sobre todo, en materia empresarial, al lograr diversificar y potenciar los cultivos varios y la ganader\u00eda con cultura del detalle\u201d.<\/p>\n<p>APUESTAS POR LA VIDA<\/p>\n<p>En un contexto signado por el d\u00e9ficit de insumos, medios de diagn\u00f3stico y de medicamentos, debido al impacto del bloqueo econ\u00f3mico, financiero y comercial de Estados Unidos, Sancti Sp\u00edritus mostr\u00f3 resultados favorables en distintos indicadores de salud en el 2024; aval suficiente para que el territorio resultara acreedor de la sede del acto nacional por el D\u00eda de la Medicina Latinoamericana, celebrado el 3 de diciembre.<\/p>\n<div id=\"attachment_39641\" style=\"width: 543px\" class=\"wp-caption aligncenter\"><img decoding=\"async\" aria-describedby=\"caption-attachment-39641\" class=\"size-full wp-image-39641\" src=\"https:\/\/www.radiosanctispiritus.cu\/es\/wp-content\/uploads\/05-FOTO-CINCO.jpg\" alt=\"En las unidades de cuidados intensivos neonatales y pedi\u00e1tricos del territorio los ni\u00f1os graves y cr\u00edticos, en su gran mayor\u00eda son salvados. Foto: Arelys Garc\u00eda Acosta.\" width=\"533\" height=\"400\" \/><p id=\"caption-attachment-39641\" class=\"wp-caption-text\">En las unidades de cuidados intensivos neonatales y pedi\u00e1tricos del territorio los ni\u00f1os graves y cr\u00edticos, en su gran mayor\u00eda son salvados. Foto: Arelys Garc\u00eda Acosta.<\/p><\/div>\n<p>La provincia fue acreedora de la celebraci\u00f3n, entre otras razones, por registrar una de las tasas de fallecidos por cada mil nacidos vivos m\u00e1s bajas de Cuba.<\/p>\n<p>En este sentido, el doctor Francisco Garc\u00eda Gonz\u00e1lez, al frente del Programa de Atenci\u00f3n Materno Infantil en la Direcci\u00f3n Provincial de Salud, resalt\u00f3 el elevado nivel de supervivencia de los enfermos en las unidades de terapias intensivas neonatal y pedi\u00e1trica, del Hospital General Provincial Camilo Cienfuegos y del Pedi\u00e1trico Jos\u00e9 Mart\u00ed P\u00e9rez, respectivamente.<\/p>\n<p>Sancti Sp\u00edritus sobresale, adem\u00e1s, por el quehacer del Programa del M\u00e9dico y la Enfermera de la Familia, que en el a\u00f1o 40 de su fundaci\u00f3n se distingui\u00f3 por el desempe\u00f1o de quienes laboran en los m\u00e1s de 500 consultorios existentes en la geograf\u00eda espirituana.<\/p>\n<p>En 2024 la provincia sobresali\u00f3 por el incremento de la esperanza de vida al nacer de los espirituanos de 79.10 a\u00f1os, por encima de la media nacional.<\/p>\n<p>Igualmente, el sector dio prioridad al plan de mantenimiento constructivo e inversiones, en el que se trabaj\u00f3 en m\u00e1s de un centenar de centros de la Salud, con intervenciones en m\u00e1s de 280 objetos de obras.<\/p>\n<p>Concluye 2024 y en 33 pa\u00edses de varios continentes, m\u00e1s de 800 profesionales de la salud de Sancti Sp\u00edritus hacen del acto de salvar vidas, el m\u00e1s humano de los empe\u00f1os.<\/p>\n<p>Uno de los logros cient\u00edficos m\u00e1s novedosos de la Salud P\u00fablica espirituana en 2024 result\u00f3 extender a los servicios de Ortopedia y Urolog\u00eda del Hospital Provincial General Camilo Cienfuegos, el empleo del Heberprot-P, en el tratamiento de las heridas de dif\u00edcil cicatrizaci\u00f3n, experiencia que por vez primera se aplica en Cuba.<\/p>\n<p>Al reconocer el trabajo de los profesionales del sector, el doctor Francisco Fern\u00e1ndez Quintero, director general de Salud en Sancti Sp\u00edritus, afirm\u00f3 que \u201cno hay un solo miembro del ej\u00e9rcito de batas blancas que no se haya crecido, en tiempos en los que el pa\u00eds tambi\u00e9n ha tenido que hacerlo, frente al bloqueo brutal de Estados Unidos\u201d.<\/p>\n<div id=\"attachment_39642\" style=\"width: 610px\" class=\"wp-caption aligncenter\"><img decoding=\"async\" aria-describedby=\"caption-attachment-39642\" class=\"size-medium wp-image-39642\" src=\"https:\/\/www.radiosanctispiritus.cu\/es\/wp-content\/uploads\/06-FOTO-SEIS-600x315.jpg\" alt=\"El\u00e9ctricos espirituanos repararon los da\u00f1os que dej\u00f3 el hurac\u00e1n Rafael en la infraestructura el\u00e9ctrica de la provincia de Artemisa. Foto: Empresa El\u00e9ctrica Sancti Sp\u00edritus.\" width=\"600\" height=\"315\" srcset=\"https:\/\/www.radiosanctispiritus.cu\/es\/wp-content\/uploads\/06-FOTO-SEIS-600x315.jpg 600w, https:\/\/www.radiosanctispiritus.cu\/es\/wp-content\/uploads\/06-FOTO-SEIS.jpg 762w\" sizes=\"(max-width: 600px) 100vw, 600px\" \/><p id=\"caption-attachment-39642\" class=\"wp-caption-text\">El\u00e9ctricos espirituanos repararon los da\u00f1os que dej\u00f3 el hurac\u00e1n Rafael en la infraestructura el\u00e9ctrica de la provincia de Artemisa. Foto: Empresa El\u00e9ctrica Sancti Sp\u00edritus.<\/p><\/div>\n<p><strong>PUENTES DE AMOR<\/strong><\/p>\n<p>El 2024 dej\u00f3 a los cubanos nuevas certezas: la hermandad se cultiva en tiempos dif\u00edciles. El paso devastador del hurac\u00e1n Oscar por el oriente de Cuba, y de Rafael, por el occidente, multiplic\u00f3 la solidaridad y las historias sobre proezas de salvaci\u00f3n humana y sensibilidad.<\/p>\n<p>Hasta los municipios de Playa, en La Habana, y G\u00fcira de Melena, Artemisa, acudieron los integrantes del Contingente Seraf\u00edn S\u00e1nchez Valdivia, de Sancti Sp\u00edritus, compuesto por una brigada de trabajadores de la Empresa El\u00e9ctrica, de Sancti Sp\u00edritus.<\/p>\n<p>Yoanny Acosta Solenzal, director general de la entidad y al frente del contingente, reconoci\u00f3 el esfuerzo realizado por los m\u00e1s de 70\u00a0 t\u00e9cnicos, especialistas y linieros que restablecieron el servicio el\u00e9ctrico en el occidente.<\/p>\n<p>Por estas jornadas de haza\u00f1as solidarias, el contingente Seraf\u00edn S\u00e1nchez Valdivia de la Empresa El\u00e9ctrica, del territorio, recibi\u00f3 tambi\u00e9n la bandera proeza laboral que otorga la Central de Trabajadores de Cuba.<\/p>\n<div id=\"attachment_39643\" style=\"width: 610px\" class=\"wp-caption aligncenter\"><img decoding=\"async\" aria-describedby=\"caption-attachment-39643\" class=\"size-medium wp-image-39643\" src=\"https:\/\/www.radiosanctispiritus.cu\/es\/wp-content\/uploads\/07-FOTO-SIETE-600x343.jpg\" alt=\"En la multitudinaria acci\u00f3n de denuncia se conden\u00f3 el genocidio contra el pueblo de Palestina. Foto: Juan Carlos Castell\u00f3n.\" width=\"600\" height=\"343\" srcset=\"https:\/\/www.radiosanctispiritus.cu\/es\/wp-content\/uploads\/07-FOTO-SIETE-600x343.jpg 600w, https:\/\/www.radiosanctispiritus.cu\/es\/wp-content\/uploads\/07-FOTO-SIETE-305x175.jpg 305w, https:\/\/www.radiosanctispiritus.cu\/es\/wp-content\/uploads\/07-FOTO-SIETE.jpg 699w\" sizes=\"(max-width: 600px) 100vw, 600px\" \/><p id=\"caption-attachment-39643\" class=\"wp-caption-text\">En la multitudinaria acci\u00f3n de denuncia se conden\u00f3 el genocidio contra el pueblo de Palestina. Foto: Juan Carlos Castell\u00f3n.<\/p><\/div>\n<p>En Sancti Sp\u00edritus tambi\u00e9n fue noticia en\u00a0 2024, la celebraci\u00f3n en la Plaza de la Revoluci\u00f3n Mayor General Seraf\u00edn S\u00e1nchez Valdivia, de la tribuna abierta en reclamo del fin del genocidio israel\u00ed en Palestina, encabezada por el Primer Secretario del Comit\u00e9 Central del Partido y Presidente de la Rep\u00fablica, Miguel D\u00edaz-Canel Berm\u00fadez.<\/p>\n<p>La multitudinaria demostraci\u00f3n se desarroll\u00f3 el 29 de noviembre, D\u00eda Internacional de Solidaridad con el Pueblo Palestino. Entre versos y cantos \u00e9picos, estudiantes y j\u00f3venes exigieron, en nombre de Cuba, el cese de la masacre de Israel en Palestina, un pueblo que ha sufrido en carne propia la colonizaci\u00f3n, las intervenciones militares, los efectos del terrorismo y el asesinato de sus hijos, como bien denunciaron varios oradores.<\/p>\n<p><strong>OTROS SUCESOS EN PRIMER PLANO<\/strong><\/p>\n<p>Entre los hechos culturales m\u00e1s trascendentes acaecidos en esta provincia central de Cuba en 2024, figura la celebraci\u00f3n del cumplea\u00f1os 510 de la fundaci\u00f3n de las villas de Trinidad y Sancti Sp\u00edritus, ambas reconocidas por sus valores hist\u00f3ricos y\u00a0 arquitect\u00f3nicos.<\/p>\n<p>A ello se suma la conmemoraci\u00f3n del aniversario 36 de la declaraci\u00f3n por la UNESCO del Centro Hist\u00f3rico de Trinidad y el Valle de los Ingenios como Patrimonio Cultural de la Humanidad, hecho que marc\u00f3 un hito para esta urbe siempre colonial, con se\u00f1ales de modernidad.<\/p>\n<p>En el \u00e1mbito deportivo resalta la participaci\u00f3n del boxeador Alejandro Claro y la tiradora Lisbet Hern\u00e1ndez en los Juegos Ol\u00edmpicos Par\u00eds 2024. Desde el punto de vista colectivo sobresali\u00f3 el equipo de boxeo de la provincia, campe\u00f3n de la edici\u00f3n 60 del Torneo Nacional Playa Gir\u00f3n, hecho in\u00e9dito en la historia de la provincia.<\/p>\n<p>En el a\u00f1o 2024, el impacto del bloqueo de Estados Unidos contra Cuba se torn\u00f3 m\u00e1s que evidente en diferentes sectores econ\u00f3micos y sociales del pa\u00eds con expresiones concretas en los apagones del sistema el\u00e9ctrico nacional debido a la carencia de combustible y dificultades en el acceso a la adquisici\u00f3n de piezas y equipos para el mantenimiento de las centrales termoel\u00e9ctricas.<\/p>\n<p>No menos significativo result\u00f3 el efecto de la pol\u00edtica de hostilidad de la Casa Blanca en el sistema educacional, y m\u00e1s particularmente en instituciones educativas como la escuela Miguel \u00c1ngel Echemend\u00eda, de Sancti Sp\u00edritus, donde las carencias generadas por este flagelo comprometen el desempe\u00f1o intelectual, emocional y social de los ni\u00f1os con necesidades educativas especiales que all\u00ed se forman.<\/p>\n<p>Dificultades con el equipamiento, espec\u00edficamente con la unidad de refracci\u00f3n, la cual hace cinco a\u00f1os no funciona por el deterioro de su lente; las carencias de lupas para los ni\u00f1os de baja visi\u00f3n y la falta de luminarias para las mesas abatibles devienen barreras para la salud y el desarrollo docente de estos escolares.<\/p>\n<p>En este recuento informativo de lo acontecido en Sancti Sp\u00edritus durante el 2024 quedaron en el tintero otros sucesos no menos notables que tuvieron como protagonistas a los espirituanos, h\u00e9roes y hero\u00ednas del pueblo cubano que como bien apuntara el presidente Miguel D\u00edaz-Canel durante la \u00faltima jornada del cuarto periodo de sesiones del Parlamento cubano en su d\u00e9cima legislatura \u201cno creen en la derrota\u201d porque son \u201ch\u00e9roes invencibles\u201d.<\/p>\n","protected":false},"excerpt":{"rendered":"<p>El 2024 fue un a\u00f1o marcado por significativos acontecimientos para los espirituanos.<\/p>\n","protected":false},"author":10,"featured_media":39644,"comment_status":"open","ping_status":"open","sticky":false,"template":"","format":"standard","meta":{"_acf_changed":false,"footnotes":""},"categories":[1],"tags":[50,1563],"coauthors":[],"class_list":["post-39636","post","type-post","status-publish","format-standard","has-post-thumbnail","hentry","category-sancti-spiritus","tag-cuba","tag-mayor-general-serafin-sanchez-valdivia"],"acf":[],"_links":{"self":[{"href":"https:\/\/www.radiosanctispiritus.cu\/es\/wp-json\/wp\/v2\/posts\/39636","targetHints":{"allow":["GET"]}}],"collection":[{"href":"https:\/\/www.radiosanctispiritus.cu\/es\/wp-json\/wp\/v2\/posts"}],"about":[{"href":"https:\/\/www.radiosanctispiritus.cu\/es\/wp-json\/wp\/v2\/types\/post"}],"author":[{"embeddable":true,"href":"https:\/\/www.radiosanctispiritus.cu\/es\/wp-json\/wp\/v2\/users\/10"}],"replies":[{"embeddable":true,"href":"https:\/\/www.radiosanctispiritus.cu\/es\/wp-json\/wp\/v2\/comments?post=39636"}],"version-history":[{"count":0,"href":"https:\/\/www.radiosanctispiritus.cu\/es\/wp-json\/wp\/v2\/posts\/39636\/revisions"}],"wp:featuredmedia":[{"embeddable":true,"href":"https:\/\/www.radiosanctispiritus.cu\/es\/wp-json\/wp\/v2\/media\/39644"}],"wp:attachment":[{"href":"https:\/\/www.radiosanctispiritus.cu\/es\/wp-json\/wp\/v2\/media?parent=39636"}],"wp:term":[{"taxonomy":"category","embeddable":true,"href":"https:\/\/www.radiosanctispiritus.cu\/es\/wp-json\/wp\/v2\/categories?post=39636"},{"taxonomy":"post_tag","embeddable":true,"href":"https:\/\/www.radiosanctispiritus.cu\/es\/wp-json\/wp\/v2\/tags?post=39636"},{"taxonomy":"author","embeddable":true,"href":"https:\/\/www.radiosanctispiritus.cu\/es\/wp-json\/wp\/v2\/coauthors?post=39636"}],"curies":[{"name":"wp","href":"https:\/\/api.w.org\/{rel}","templated":true}]}}