{"id":39631,"date":"2024-12-23T07:05:45","date_gmt":"2024-12-23T12:05:45","guid":{"rendered":"https:\/\/www.radiosanctispiritus.cu\/es\/?p=39631"},"modified":"2024-12-23T07:05:45","modified_gmt":"2024-12-23T12:05:45","slug":"nuevo-sismo-estremece-el-oriente-de-cuba","status":"publish","type":"post","link":"https:\/\/www.radiosanctispiritus.cu\/es\/nuevo-sismo-estremece-el-oriente-de-cuba\/","title":{"rendered":"Nuevo sismo estremece el Oriente de Cuba"},"content":{"rendered":"<p>Un nuevo sismo de 6.1 grado en la escala de Richter estremeci\u00f3 esta madrugada el suroriente del pa\u00eds, seg\u00fan el reporte del Centro Nacional de Investigaciones Sismol\u00f3gicas.<\/p>\n<p>El sismo, perceptible a las 01:00 am, fue registrado a una profundidad de 9 km y a una distancia de 35 km al suroeste de la localidad de Chivirico, en la provincia de Santiago de Cuba.<\/p>\n<p>Se conoce de reportes de perceptibilidad en las cinco provincias orientales, adem\u00e1s de Camag\u00fcey y Ciego de \u00c1vila.<\/p>\n<p>Entre noviembre y diciembre, esta zona del archipi\u00e9lago cubano ha sido afectada por tres sismos de significativa magnitud y numerosas r\u00e9plicas. Este es el sismo perceptible n\u00famero 137 en este a\u00f1o.<\/p>\n","protected":false},"excerpt":{"rendered":"<p>Un nuevo sismo de 6.1 grado en la escala de Richter estremeci\u00f3 esta madrugada el suroriente del pa\u00eds, seg\u00fan el reporte del Centro Nacional de Investigaciones Sismol\u00f3gicas.<\/p>\n","protected":false},"author":26,"featured_media":39632,"comment_status":"open","ping_status":"open","sticky":false,"template":"","format":"standard","meta":{"_acf_changed":false,"footnotes":""},"categories":[1],"tags":[1559,1560,50,1561,739,1562,667],"coauthors":[],"class_list":["post-39631","post","type-post","status-publish","format-standard","has-post-thumbnail","hentry","category-sancti-spiritus","tag-actividad-sismica","tag-centro-nacional-de-investigaciones-sismologicas","tag-cuba","tag-desastres-naturales","tag-santiago-de-cuba","tag-sismos","tag-terremoto"],"acf":[],"_links":{"self":[{"href":"https:\/\/www.radiosanctispiritus.cu\/es\/wp-json\/wp\/v2\/posts\/39631","targetHints":{"allow":["GET"]}}],"collection":[{"href":"https:\/\/www.radiosanctispiritus.cu\/es\/wp-json\/wp\/v2\/posts"}],"about":[{"href":"https:\/\/www.radiosanctispiritus.cu\/es\/wp-json\/wp\/v2\/types\/post"}],"author":[{"embeddable":true,"href":"https:\/\/www.radiosanctispiritus.cu\/es\/wp-json\/wp\/v2\/users\/26"}],"replies":[{"embeddable":true,"href":"https:\/\/www.radiosanctispiritus.cu\/es\/wp-json\/wp\/v2\/comments?post=39631"}],"version-history":[{"count":0,"href":"https:\/\/www.radiosanctispiritus.cu\/es\/wp-json\/wp\/v2\/posts\/39631\/revisions"}],"wp:featuredmedia":[{"embeddable":true,"href":"https:\/\/www.radiosanctispiritus.cu\/es\/wp-json\/wp\/v2\/media\/39632"}],"wp:attachment":[{"href":"https:\/\/www.radiosanctispiritus.cu\/es\/wp-json\/wp\/v2\/media?parent=39631"}],"wp:term":[{"taxonomy":"category","embeddable":true,"href":"https:\/\/www.radiosanctispiritus.cu\/es\/wp-json\/wp\/v2\/categories?post=39631"},{"taxonomy":"post_tag","embeddable":true,"href":"https:\/\/www.radiosanctispiritus.cu\/es\/wp-json\/wp\/v2\/tags?post=39631"},{"taxonomy":"author","embeddable":true,"href":"https:\/\/www.radiosanctispiritus.cu\/es\/wp-json\/wp\/v2\/coauthors?post=39631"}],"curies":[{"name":"wp","href":"https:\/\/api.w.org\/{rel}","templated":true}]}}