{"id":39622,"date":"2024-12-31T05:23:58","date_gmt":"2024-12-31T10:23:58","guid":{"rendered":"https:\/\/www.radiosanctispiritus.cu\/es\/?p=39622"},"modified":"2024-12-31T11:50:49","modified_gmt":"2024-12-31T16:50:49","slug":"2024-el-ano-en-que-sancti-spiritus-volvio-a-vestirse-de-rojinegro","status":"publish","type":"post","link":"https:\/\/www.radiosanctispiritus.cu\/es\/2024-el-ano-en-que-sancti-spiritus-volvio-a-vestirse-de-rojinegro\/","title":{"rendered":"2024: El a\u00f1o en que Sancti Sp\u00edritus volvi\u00f3 a vestirse de rojinegro"},"content":{"rendered":"<p>El 2024 se despide del tiempo; se va con la certeza de que la historia la construimos, tambi\u00e9n, desde hoy. Este a\u00f1o Sancti Sp\u00edritus volvi\u00f3 a vestirse de rojinegro. Por tercera ocasi\u00f3n, la provincia mereci\u00f3 la sede del acto nacional en recordaci\u00f3n del asalto a los cuarteles Moncada y Carlos Manuel de C\u00e9spedes.<\/p>\n<p>Unos 5 000 coterr\u00e1neos despertamos el 26 de Julio, el d\u00eda m\u00e1s corajudo del a\u00f1o, en la Plaza de nuestras mayores celebraciones, en nuestra Plaza de la Revoluci\u00f3n, en la Plaza desde cuya tribuna nos mira siempre el Mayor de los Generales que esta fecunda tierra trajo al mundo: Seraf\u00edn S\u00e1nchez Valdivia. Por tercera ocasi\u00f3n, Sancti Sp\u00edritus dio cobija a una conmemoraci\u00f3n nacional por el \u201c26\u201d.<\/p>\n<p>Anclada en la memoria, sigue la primera vez; ello aconteci\u00f3 en 1986. En la Plaza de Los Olivos, Fidel nos habl\u00f3 de t\u00fa a t\u00fa; elogi\u00f3 nuestra laboriosidad y, tambi\u00e9n, se\u00f1al\u00f3 nuestras insuficiencias de aquel momento.<\/p>\n<p>Pasadas tres d\u00e9cadas, es decir, en 2016, la provincia espirituana acogi\u00f3 por segunda ocasi\u00f3n la sede del acto nacional por la efem\u00e9ride moncadista. Y en esa oportunidad, le dio la bienvenida a aquel rebelde amanecer, junto a nosotros, el l\u00edder de la Revoluci\u00f3n, General de Ej\u00e9rcito Ra\u00fal Castro. Sucedi\u00f3 en la plaza, que lleva el nombre del m\u00e1s notable de los guerreros espirituanos.<\/p>\n<p>En esa misma plaza, que sigue escoltada por palmas reales, los espirituanos festejamos nuestro tercer \u201c26\u201d. Y ese d\u00eda, \u00a0evocaci\u00f3n se torn\u00f3 necesaria; la evocaci\u00f3n al joven abogado y a aquella generaci\u00f3n que no dejaron morir al Ap\u00f3stol en el a\u00f1o de su centenario; la evocaci\u00f3n al hombre que la historia absolvi\u00f3 desde que amaneci\u00f3 el Primero de Enero de 1959; la evocaci\u00f3n a Fidel.<\/p>\n<p>Es el Comandante de verde olivo que lleg\u00f3 ese propio enero a Sancti Sp\u00edritus. Iba camino a La Habana al mando de la caravana, la cual, a su paso por cada pueblo, por cada ciudad, confirmaba que la libertad de esta isla y su gente no era ya una utop\u00eda.<\/p>\n<p>Es la historia que anima a los espirituanos y espirituanas a seguir por el mismo rumbo. Es la historia que construimos hoy, para todos los tiempos.<br \/>\n<iframe src=\"https:\/\/www.ivoox.com\/player_ej_137278281_6_1.html?c1=7a0d0b\" width=\"100%\" height=\"200\" frameborder=\"0\" scrolling=\"no\" allowfullscreen=\"allowfullscreen\"><\/iframe><\/p>\n","protected":false},"excerpt":{"rendered":"<p>El 2024 se despide del tiempo; se va con la certeza de que la historia la construimos, tambi\u00e9n, desde hoy. Este a\u00f1o Sancti Sp\u00edritus volvi\u00f3 a vestirse de rojinegro. Por tercera ocasi\u00f3n, la provincia mereci\u00f3 la sede del acto nacional en recordaci\u00f3n del asalto a los cuarteles Moncada y Carlos Manuel de C\u00e9spedes.<\/p>\n","protected":false},"author":16,"featured_media":39624,"comment_status":"open","ping_status":"open","sticky":false,"template":"","format":"standard","meta":{"_acf_changed":false,"footnotes":""},"categories":[9,8,1],"tags":[183,1556,1557],"coauthors":[],"class_list":["post-39622","post","type-post","status-publish","format-standard","has-post-thumbnail","hentry","category-en-audio","category-noticia","category-sancti-spiritus","tag-fidel-castro","tag-plaza-de-la-revolucion","tag-serafin-sanchez-valdivia"],"acf":[],"_links":{"self":[{"href":"https:\/\/www.radiosanctispiritus.cu\/es\/wp-json\/wp\/v2\/posts\/39622","targetHints":{"allow":["GET"]}}],"collection":[{"href":"https:\/\/www.radiosanctispiritus.cu\/es\/wp-json\/wp\/v2\/posts"}],"about":[{"href":"https:\/\/www.radiosanctispiritus.cu\/es\/wp-json\/wp\/v2\/types\/post"}],"author":[{"embeddable":true,"href":"https:\/\/www.radiosanctispiritus.cu\/es\/wp-json\/wp\/v2\/users\/16"}],"replies":[{"embeddable":true,"href":"https:\/\/www.radiosanctispiritus.cu\/es\/wp-json\/wp\/v2\/comments?post=39622"}],"version-history":[{"count":0,"href":"https:\/\/www.radiosanctispiritus.cu\/es\/wp-json\/wp\/v2\/posts\/39622\/revisions"}],"wp:featuredmedia":[{"embeddable":true,"href":"https:\/\/www.radiosanctispiritus.cu\/es\/wp-json\/wp\/v2\/media\/39624"}],"wp:attachment":[{"href":"https:\/\/www.radiosanctispiritus.cu\/es\/wp-json\/wp\/v2\/media?parent=39622"}],"wp:term":[{"taxonomy":"category","embeddable":true,"href":"https:\/\/www.radiosanctispiritus.cu\/es\/wp-json\/wp\/v2\/categories?post=39622"},{"taxonomy":"post_tag","embeddable":true,"href":"https:\/\/www.radiosanctispiritus.cu\/es\/wp-json\/wp\/v2\/tags?post=39622"},{"taxonomy":"author","embeddable":true,"href":"https:\/\/www.radiosanctispiritus.cu\/es\/wp-json\/wp\/v2\/coauthors?post=39622"}],"curies":[{"name":"wp","href":"https:\/\/api.w.org\/{rel}","templated":true}]}}