{"id":3950,"date":"2022-10-31T19:01:14","date_gmt":"2022-10-31T23:01:14","guid":{"rendered":"https:\/\/www.radiosanctispiritus.cu\/es\/?p=3950"},"modified":"2022-11-01T09:19:59","modified_gmt":"2022-11-01T13:19:59","slug":"retornan-constructores-espirituanos-luego-de-intensas-faenas-en-pinar-del-rio","status":"publish","type":"post","link":"https:\/\/www.radiosanctispiritus.cu\/es\/retornan-constructores-espirituanos-luego-de-intensas-faenas-en-pinar-del-rio\/","title":{"rendered":"Retornan constructores espirituanos luego de intensas faenas en Pinar del R\u00edo"},"content":{"rendered":"<p>Tras cumplir intensas jornadas laborales en suelo pinare\u00f1o como parte de las acciones recuperativas en la occidental provincia, retorn\u00f3 a casa una brigada de constructores espirituanos. La siguiente propuesta informativa de Juan Carlos Castell\u00f3n aporta los detalles.<\/p>\n<p>&nbsp;<\/p>\n<audio class=\"wp-audio-shortcode\" id=\"audio-3950-1\" preload=\"none\" style=\"width: 100%;\" controls=\"controls\"><source type=\"audio\/mpeg\" src=\"https:\/\/www.ivoox.com\/juan-carlos-castellon-upm-31-10-22_md_95166981_wp_1.mp3?_=1\" \/><a href=\"https:\/\/www.ivoox.com\/juan-carlos-castellon-upm-31-10-22_md_95166981_wp_1.mp3\" target=\"_blank\" rel=\"noopener\">https:\/\/www.ivoox.com\/juan-carlos-castellon-upm-31-10-22_md_95166981_wp_1.mp3<\/a><\/audio>\n<p>&nbsp;<\/p>\n","protected":false},"excerpt":{"rendered":"<p>Tras cumplir intensas jornadas laborales en suelo pinare\u00f1o como parte de las acciones recuperativas en la occidental provincia, retorn\u00f3 a casa una brigada de constructores espirituanos.<\/p>\n","protected":false},"author":147,"featured_media":3951,"comment_status":"open","ping_status":"open","sticky":false,"template":"","format":"standard","meta":{"_acf_changed":false,"footnotes":""},"categories":[3,8],"tags":[489,488,368,389,195],"coauthors":[],"class_list":["post-3950","post","type-post","status-publish","format-standard","has-post-thumbnail","hentry","category-cuba","category-noticia","tag-construccion","tag-constructores","tag-huracan","tag-pinar-del-rio","tag-recuperacion"],"acf":[],"_links":{"self":[{"href":"https:\/\/www.radiosanctispiritus.cu\/es\/wp-json\/wp\/v2\/posts\/3950","targetHints":{"allow":["GET"]}}],"collection":[{"href":"https:\/\/www.radiosanctispiritus.cu\/es\/wp-json\/wp\/v2\/posts"}],"about":[{"href":"https:\/\/www.radiosanctispiritus.cu\/es\/wp-json\/wp\/v2\/types\/post"}],"author":[{"embeddable":true,"href":"https:\/\/www.radiosanctispiritus.cu\/es\/wp-json\/wp\/v2\/users\/147"}],"replies":[{"embeddable":true,"href":"https:\/\/www.radiosanctispiritus.cu\/es\/wp-json\/wp\/v2\/comments?post=3950"}],"version-history":[{"count":0,"href":"https:\/\/www.radiosanctispiritus.cu\/es\/wp-json\/wp\/v2\/posts\/3950\/revisions"}],"wp:featuredmedia":[{"embeddable":true,"href":"https:\/\/www.radiosanctispiritus.cu\/es\/wp-json\/wp\/v2\/media\/3951"}],"wp:attachment":[{"href":"https:\/\/www.radiosanctispiritus.cu\/es\/wp-json\/wp\/v2\/media?parent=3950"}],"wp:term":[{"taxonomy":"category","embeddable":true,"href":"https:\/\/www.radiosanctispiritus.cu\/es\/wp-json\/wp\/v2\/categories?post=3950"},{"taxonomy":"post_tag","embeddable":true,"href":"https:\/\/www.radiosanctispiritus.cu\/es\/wp-json\/wp\/v2\/tags?post=3950"},{"taxonomy":"author","embeddable":true,"href":"https:\/\/www.radiosanctispiritus.cu\/es\/wp-json\/wp\/v2\/coauthors?post=3950"}],"curies":[{"name":"wp","href":"https:\/\/api.w.org\/{rel}","templated":true}]}}