{"id":39463,"date":"2024-12-18T21:17:34","date_gmt":"2024-12-19T02:17:34","guid":{"rendered":"https:\/\/www.radiosanctispiritus.cu\/es\/?p=39463"},"modified":"2024-12-18T21:17:34","modified_gmt":"2024-12-19T02:17:34","slug":"a-pesar-del-bloqueo-cuba-vencera-asegura-declaracion-del-parlamento-cubano","status":"publish","type":"post","link":"https:\/\/www.radiosanctispiritus.cu\/es\/a-pesar-del-bloqueo-cuba-vencera-asegura-declaracion-del-parlamento-cubano\/","title":{"rendered":"A pesar del bloqueo, Cuba vencer\u00e1, asegura declaraci\u00f3n del Parlamento cubano"},"content":{"rendered":"<p><span lang=\"ES-MX\" xml:lang=\"ES-MX\">El cuarto per\u00edodo ordinario de sesiones de la Asamblea Nacional del Poder Popular de la Rep\u00fablica de Cuba, en su d\u00e9cima legislatura, comienza en un momento en que nuestro pueblo enfrenta, con un alt\u00edsimo costo, las consecuencias del recrudecimiento sin precedentes del cruel e inhumano bloqueo del Gobierno de Estados Unidos contra Cuba y su pol\u00edtica de m\u00e1xima presi\u00f3n y asfixia econ\u00f3mica.<\/span><\/p>\n<p><span lang=\"ES-MX\" xml:lang=\"ES-MX\">En el curso de este \u00faltimo a\u00f1o, el Gobierno estadounidense no solo ha mantenido las leyes y disposiciones relacionadas con el bloqueo contra Cuba y las tradicionales pr\u00e1cticas para su implementaci\u00f3n, sino que sus acciones se han dirigido a identificar y perseguir, de manera quir\u00fargica y mediante un dise\u00f1o coercitivo perfeccionado, las principales fuentes de ingresos de la econom\u00eda cubana, en adici\u00f3n a la aplicaci\u00f3n de las disposiciones de la llamada Ley Helms-Burton, incluyendo aquellas que estipulan su alcance extraterritorial.<\/span><\/p>\n<p><span lang=\"ES-MX\" xml:lang=\"ES-MX\">El objetivo declarado e hist\u00f3rico contin\u00faa siendo el mismo: deprimir la econom\u00eda y los salarios, generar carencias materiales y da\u00f1os a los servicios p\u00fablicos, provocar insatisfacciones y desesperaci\u00f3n en la poblaci\u00f3n; generar desaliento y desesperanza con el innoble prop\u00f3sito de doblegarnos y subvertir el orden constitucional leg\u00edtimamente establecido por el pueblo cubano en el ejercicio de su derecho a la libre determinaci\u00f3n.<\/span><\/p>\n<p><span lang=\"ES-MX\" xml:lang=\"ES-MX\">Entre las medidas de mayor severidad resaltan la permanencia de Cuba en la unilateral y arbitraria lista del Departamento de Estado de los Estados Unidos sobre pa\u00edses supuestamente patrocinadores del terrorismo; la posibilidad de tomar acci\u00f3n en tribunales de EE.UU. para interponer demandas en virtud del t\u00edtulo III de la Ley para la Libertad y la Solidaridad Democr\u00e1ticas Cubanas (Ley Helms-Burton); las sanciones o amenazas de sanciones contra las empresas navieras, transportistas, aseguradoras o reaseguradoras involucradas en el suministro de combustible a Cuba; la persecuci\u00f3n intensa y minuciosa a las transacciones financieras cubanas y los consiguientes obst\u00e1culos para el suministro de recursos b\u00e1sicos para la poblaci\u00f3n y el funcionamiento de la econom\u00eda; las campa\u00f1as difamatorias contra la cooperaci\u00f3n solidaria que Cuba ofrece, en particular en el \u00e1mbito de la salud, as\u00ed como la continuidad de otros listados unilaterales que conllevan la aplicaci\u00f3n de medidas coercitivas contra nuestro pa\u00eds.<\/span><\/p>\n<p><span lang=\"ES-MX\" xml:lang=\"ES-MX\">Esa verdadera guerra econ\u00f3mica, el Gobierno de Estados Unidos la sustenta con m\u00e9todos de guerra no convencional y operaciones sistem\u00e1ticas de desinformaci\u00f3n, que pretenden responsabilizar al Gobierno cubano de las consecuencias y el da\u00f1o que el propio bloqueo ocasiona, lo que constituye un acto deshonesto y de extremo cinismo, proveniente del mismo Gobierno que aplica una pol\u00edtica de asfixia premeditada de la econom\u00eda cubana.<\/span><\/p>\n<p><span lang=\"ES-MX\" xml:lang=\"ES-MX\">El mundo conoce lo que fueron capaces de hacer contra Cuba entre 2019 y enero de 2021 generando carencias sin precedentes y un aumento de la emigraci\u00f3n que\u00a0<\/span><span lang=\"ES-MX\" xml:lang=\"ES-MX\">da\u00f1a\u00a0<\/span><span lang=\"ES-MX\" xml:lang=\"ES-MX\">a la familia cubana. <\/span><\/p>\n<p><span lang=\"ES-MX\" xml:lang=\"ES-MX\">Falta absolutamente a la verdad quien no reconozca el bloqueo econ\u00f3mico, comercial y financiero y todo su entramado de medidas coercitivas unilaterales, como el principal obst\u00e1culo para el desarrollo econ\u00f3mico y social de Cuba. <\/span><\/p>\n<p><span lang=\"ES-MX\" xml:lang=\"ES-MX\">Ning\u00fan pa\u00eds del mundo, incluso con econom\u00edas mucho m\u00e1s pr\u00f3speras y robustas que la cubana, podr\u00eda enfrentar una agresi\u00f3n tan despiadada, asim\u00e9trica y prolongada sin un costo considerable para el nivel de vida de su poblaci\u00f3n, su estabilidad y la justicia social, a la que jam\u00e1s renunciaremos a pesar del bloqueo.<\/span><\/p>\n<p><span lang=\"ES-MX\" xml:lang=\"ES-MX\">Nuestro pueblo, principal v\u00edctima de esta pol\u00edtica, conoce muy bien las intenciones de los sucesivos Gobiernos de Estados Unidos respecto a Cuba. Sin embargo, al precio de grandes sacrificios, ha sabido resistir y vencer los graves obst\u00e1culos que esta pol\u00edtica de hostilidad genera. Esa ha sido y ser\u00e1 nuestra determinaci\u00f3n.<\/span><\/p>\n<p><span lang=\"ES-MX\" xml:lang=\"ES-MX\">El bloqueo de Estados Unidos contra Cuba viola el derecho internacional. Es contrario a los prop\u00f3sitos y principios de la Carta de las Naciones Unidas. Constituye una transgresi\u00f3n al derecho a la paz, al desarrollo y a la libre determinaci\u00f3n de un Estado soberano. Transgrede, adem\u00e1s, los derechos soberanos de otros Estados por su car\u00e1cter extraterritorial.<\/span><\/p>\n<p><span lang=\"ES-MX\" xml:lang=\"ES-MX\">Es, en su esencia y sus objetivos, un acto de agresi\u00f3n unilateral, una amenaza permanente contra la estabilidad del pa\u00eds. Califica como un crimen de lesa humanidad, un acto de genocidio y una violaci\u00f3n masiva, flagrante y sistem\u00e1tica de los derechos humanos de todas las cubanas y cubanos. Es una cruel pol\u00edtica de castigo que no tiene justificaci\u00f3n alguna.<\/span><\/p>\n<p><span lang=\"ES-MX\" xml:lang=\"ES-MX\">El reclamo de esta Asamblea Nacional del Poder Popular, en representaci\u00f3n del pueblo de Cuba, es que se levante de una vez el bloqueo de Estados Unidos, que el Gobierno de ese pa\u00eds cese la persecuci\u00f3n a nuestras relaciones econ\u00f3micas y financieras con el resto del mundo, que elimine los fondos millonarios del presupuesto federal para subvertir el orden interno y alimentar las operaciones de desinformaci\u00f3n contra Cuba, y que se retire al pa\u00eds de la <\/span><span lang=\"ES-MX\" xml:lang=\"ES-MX\">arbitraria\u00a0<\/span><span lang=\"ES-MX\" xml:lang=\"ES-MX\">y unilateral lista de Estados patrocinadores del terrorismo.<\/span><\/p>\n<p><span lang=\"ES-MX\" xml:lang=\"ES-MX\">Ese es tambi\u00e9n el llamado creciente del pueblo estadounidense, de los m\u00e1s diversos actores en todos los confines del mundo y de la comunidad internacional reflejado en las 32 resoluciones adoptadas por la Asamblea General de las Naciones Unidas sobre la \u201cNecesidad de poner fin al bloqueo econ\u00f3mico, comercial y financiero impuesto por los Estados Unidos de Am\u00e9rica contra Cuba\u201d.<\/span><\/p>\n<p><span lang=\"ES-MX\" xml:lang=\"ES-MX\">La pol\u00edtica de bloqueo y subversi\u00f3n contra nuestro pa\u00eds no es apoyada por la mayor\u00eda del pueblo estadounidense, como lo muestran, entre otras cosas, m\u00e1s de un centenar de resoluciones aprobadas por ciudades de ese pa\u00eds demandando el fin del bloqueo econ\u00f3mico, comercial y financiero y que se retire a Cuba de la lista de pa\u00edses que supuestamente patrocinan el terrorismo.<\/span><\/p>\n<p><span lang=\"ES-MX\" xml:lang=\"ES-MX\">Como han expresado las m\u00e1ximas autoridades de nuestro Gobierno, Cuba mantiene su disposici\u00f3n a construir una relaci\u00f3n civilizada y respetuosa con el Gobierno de Estados Unidos, a pesar de nuestras diferencias. <\/span><\/p>\n<p><span lang=\"ES-MX\" xml:lang=\"ES-MX\">Seguiremos abiertos al intercambio y al trabajo con todas las contrapartes e interlocutores de la sociedad estadounidense que desean avanzar con Cuba en la b\u00fasqueda de una relaci\u00f3n mutuamente beneficiosa. Su Gobierno conoce que una relaci\u00f3n respetuosa y civilizada con Cuba est\u00e1 en el mejor inter\u00e9s del pueblo estadounidense.<\/span><\/p>\n<p><span lang=\"ES-MX\" xml:lang=\"ES-MX\">No cejaremos en la denuncia del bloqueo, con la convicci\u00f3n de que esta criminal pol\u00edtica tendr\u00e1 que ser eliminada de una vez por todas. Defenderemos nuestra independencia, soberan\u00eda y libre determinaci\u00f3n y enfrentaremos con firmeza y contundencia todo acto de injerencia en los asuntos internos de nuestro pueblo y cada agresi\u00f3n.<\/span><\/p>\n<p><span lang=\"ES-MX\" xml:lang=\"ES-MX\">Grandes son los desaf\u00edos que enfrenta nuestro pueblo en el af\u00e1n de construir un pa\u00eds cada vez mejor, m\u00e1s pr\u00f3spero y donde se alcance la mayor justicia social. En ese empe\u00f1o, reafirmamos la determinaci\u00f3n de continuar avanzando por la senda del socialismo, con o sin bloqueo.<\/span><\/p>\n<p><span lang=\"ES-MX\" xml:lang=\"ES-MX\">La Asamblea Nacional del Poder Popular, al reiterar su m\u00e1s en\u00e9rgica y rotunda condena al mantenimiento de la criminal pol\u00edtica de bloqueo econ\u00f3mico, comercial y financiero que nos impone el Gobierno de Estados Unidos, llama a la comunidad internacional, los movimientos de solidaridad y los Parlamentos del mundo a hacer frente com\u00fan en la denuncia del endurecimiento de la guerra econ\u00f3mica, las operaciones de descr\u00e9dito y los intentos mayores de injerencia en nuestros asuntos internos. Pueden confiar en que el pueblo de Cuba una vez m\u00e1s resistir\u00e1 y prevalecer\u00e1.<\/span><\/p>\n<p><span lang=\"ES-MX\" xml:lang=\"ES-MX\">En v\u00edsperas de un nuevo aniversario del triunfo de la Revoluci\u00f3n, que nos hizo verdaderamente libres, independientes y soberanos, y a la que no renunciaremos jam\u00e1s, convocamos a todos los cubanos y cubanas a la Marcha del Pueblo Combatiente el pr\u00f3ximo 20 de diciembre.<\/span><\/p>\n<p><b><span lang=\"ES-MX\" xml:lang=\"ES-MX\">\u00a1Patria o Muerte! \u00a1Venceremos!<\/span><\/b><\/p>\n","protected":false},"excerpt":{"rendered":"<p>La Asamblea Nacional del Poder Popular, al reiterar su m\u00e1s en\u00e9rgica y rotunda condena al mantenimiento de la criminal pol\u00edtica de bloqueo, llama a hacer frente com\u00fan en la denuncia del endurecimiento de la guerra econ\u00f3mica, las operaciones de descr\u00e9dito y los intentos mayores de injerencia en nuestros asuntos internos.<\/p>\n","protected":false},"author":26,"featured_media":39464,"comment_status":"open","ping_status":"open","sticky":false,"template":"","format":"standard","meta":{"_acf_changed":false,"footnotes":""},"categories":[3,8],"tags":[227,420,272],"coauthors":[],"class_list":["post-39463","post","type-post","status-publish","format-standard","has-post-thumbnail","hentry","category-cuba","category-noticia","tag-asamblea-nacional-del-poder-popular","tag-cuba-bloqueo","tag-parlamento-cubano"],"acf":[],"_links":{"self":[{"href":"https:\/\/www.radiosanctispiritus.cu\/es\/wp-json\/wp\/v2\/posts\/39463","targetHints":{"allow":["GET"]}}],"collection":[{"href":"https:\/\/www.radiosanctispiritus.cu\/es\/wp-json\/wp\/v2\/posts"}],"about":[{"href":"https:\/\/www.radiosanctispiritus.cu\/es\/wp-json\/wp\/v2\/types\/post"}],"author":[{"embeddable":true,"href":"https:\/\/www.radiosanctispiritus.cu\/es\/wp-json\/wp\/v2\/users\/26"}],"replies":[{"embeddable":true,"href":"https:\/\/www.radiosanctispiritus.cu\/es\/wp-json\/wp\/v2\/comments?post=39463"}],"version-history":[{"count":0,"href":"https:\/\/www.radiosanctispiritus.cu\/es\/wp-json\/wp\/v2\/posts\/39463\/revisions"}],"wp:featuredmedia":[{"embeddable":true,"href":"https:\/\/www.radiosanctispiritus.cu\/es\/wp-json\/wp\/v2\/media\/39464"}],"wp:attachment":[{"href":"https:\/\/www.radiosanctispiritus.cu\/es\/wp-json\/wp\/v2\/media?parent=39463"}],"wp:term":[{"taxonomy":"category","embeddable":true,"href":"https:\/\/www.radiosanctispiritus.cu\/es\/wp-json\/wp\/v2\/categories?post=39463"},{"taxonomy":"post_tag","embeddable":true,"href":"https:\/\/www.radiosanctispiritus.cu\/es\/wp-json\/wp\/v2\/tags?post=39463"},{"taxonomy":"author","embeddable":true,"href":"https:\/\/www.radiosanctispiritus.cu\/es\/wp-json\/wp\/v2\/coauthors?post=39463"}],"curies":[{"name":"wp","href":"https:\/\/api.w.org\/{rel}","templated":true}]}}