{"id":39302,"date":"2024-12-14T14:21:49","date_gmt":"2024-12-14T19:21:49","guid":{"rendered":"https:\/\/www.radiosanctispiritus.cu\/es\/?p=39302"},"modified":"2024-12-14T14:21:49","modified_gmt":"2024-12-14T19:21:49","slug":"presidente-miguel-diaz-canel-se-reune-con-colaboradores-cubanos-en-venezuela","status":"publish","type":"post","link":"https:\/\/www.radiosanctispiritus.cu\/es\/presidente-miguel-diaz-canel-se-reune-con-colaboradores-cubanos-en-venezuela\/","title":{"rendered":"Presidente Miguel D\u00edaz-Canel se re\u00fane con colaboradores cubanos en Venezuela"},"content":{"rendered":"<p>La primera actividad de la agenda en Venezuela del Primer Secretario del Comit\u00e9 Central del Partido Comunista de Cuba y Presidente de la Rep\u00fablica, Miguel D\u00edaz-Canel Berm\u00fadez,\u00a0fue un encuentro con cerca de 400 colaboradores cubanos que trabajan en esta hermana naci\u00f3n,\u00a0en representaci\u00f3n de los 14 000 desplegados en todos los estados venezolanos.<\/p>\n<div id=\"attachment_1906211\" class=\"wp-caption aligncenter size-full wp-image-1906211\">\n<p class=\"wp-caption-text\">Estamos muy orgullosos de ustedes, dijo el mandatario a quienes forman parte del hero\u00edsmo cotidiano del pueblo de Cuba.<\/p>\n<\/div>\n<div id=\"attachment_1906210\" class=\"wp-caption aligncenter size-full wp-image-1906210\">\n<p class=\"wp-caption-text\">Con ellos dialog\u00f3 sobre la situaci\u00f3n econ\u00f3mica del pa\u00eds y prioridades de trabajo para salir del tenso momento que provoca el recrudecimiento del bloqueo.<\/p>\n<\/div>\n<p>Rendirse nunca ser\u00e1 opci\u00f3n; de este momento vamos a salir combatiendo, como siempre lo ha hecho la Revoluci\u00f3n.<\/p>\n<p>Esto no es una consigna, ejemplos del hero\u00edsmo y la resistencia creadora los vemos todos los d\u00edas en nuestros recorridos por el pa\u00eds.<\/p>\n","protected":false},"excerpt":{"rendered":"<p>La primera actividad de la agenda en Venezuela del Primer Secretario del Comit\u00e9 Central del Partido Comunista de Cuba y Presidente de la Rep\u00fablica, Miguel D\u00edaz-Canel Berm\u00fadez,\u00a0fue un encuentro con cerca de 400 colaboradores cubanos que trabajan en esta hermana naci\u00f3n<\/p>\n","protected":false},"author":26,"featured_media":39303,"comment_status":"open","ping_status":"open","sticky":false,"template":"","format":"standard","meta":{"_acf_changed":false,"footnotes":""},"categories":[1],"tags":[63,50,291,24,152],"coauthors":[],"class_list":["post-39302","post","type-post","status-publish","format-standard","has-post-thumbnail","hentry","category-sancti-spiritus","tag-colaboracion-medica","tag-cuba","tag-miguel-diaz-canel-bermudez","tag-salud","tag-venezuela"],"acf":[],"_links":{"self":[{"href":"https:\/\/www.radiosanctispiritus.cu\/es\/wp-json\/wp\/v2\/posts\/39302","targetHints":{"allow":["GET"]}}],"collection":[{"href":"https:\/\/www.radiosanctispiritus.cu\/es\/wp-json\/wp\/v2\/posts"}],"about":[{"href":"https:\/\/www.radiosanctispiritus.cu\/es\/wp-json\/wp\/v2\/types\/post"}],"author":[{"embeddable":true,"href":"https:\/\/www.radiosanctispiritus.cu\/es\/wp-json\/wp\/v2\/users\/26"}],"replies":[{"embeddable":true,"href":"https:\/\/www.radiosanctispiritus.cu\/es\/wp-json\/wp\/v2\/comments?post=39302"}],"version-history":[{"count":0,"href":"https:\/\/www.radiosanctispiritus.cu\/es\/wp-json\/wp\/v2\/posts\/39302\/revisions"}],"wp:featuredmedia":[{"embeddable":true,"href":"https:\/\/www.radiosanctispiritus.cu\/es\/wp-json\/wp\/v2\/media\/39303"}],"wp:attachment":[{"href":"https:\/\/www.radiosanctispiritus.cu\/es\/wp-json\/wp\/v2\/media?parent=39302"}],"wp:term":[{"taxonomy":"category","embeddable":true,"href":"https:\/\/www.radiosanctispiritus.cu\/es\/wp-json\/wp\/v2\/categories?post=39302"},{"taxonomy":"post_tag","embeddable":true,"href":"https:\/\/www.radiosanctispiritus.cu\/es\/wp-json\/wp\/v2\/tags?post=39302"},{"taxonomy":"author","embeddable":true,"href":"https:\/\/www.radiosanctispiritus.cu\/es\/wp-json\/wp\/v2\/coauthors?post=39302"}],"curies":[{"name":"wp","href":"https:\/\/api.w.org\/{rel}","templated":true}]}}