{"id":39284,"date":"2024-12-13T23:45:03","date_gmt":"2024-12-14T04:45:03","guid":{"rendered":"https:\/\/www.radiosanctispiritus.cu\/es\/?p=39284"},"modified":"2024-12-13T23:46:47","modified_gmt":"2024-12-14T04:46:47","slug":"diaz-canel-en-venezuela-para-la-xxiv-cumbre-del-alba-tcp","status":"publish","type":"post","link":"https:\/\/www.radiosanctispiritus.cu\/es\/diaz-canel-en-venezuela-para-la-xxiv-cumbre-del-alba-tcp\/","title":{"rendered":"Presidente cubano en Venezuela para la XXIV Cumbre del ALBA-TCP"},"content":{"rendered":"<p>El presidente cubano Miguel D\u00edaz-Canel Berm\u00fadez fue recibido este viernes 13 de diciembre en el aeropuerto internacional de Maiquet\u00eda por el canciller venezolano Yvan Gil.<\/p>\n<p>La XXIV Cumbre del ALBA-TCP, que tiene como lema \u201cUn abrazo que marc\u00f3 el rumbo de nuestra historia\u201d, conmemorar\u00e1 el 20 aniversario de la fundaci\u00f3n de la alianza por los comandantes Ch\u00e1vez y Fidel.<\/p>\n<p>Igualmente se celebrar\u00e1 el bicentenario de la batalla de Ayacucho, hito de significaci\u00f3n hist\u00f3rica para el proceso de independencia de nuestra Am\u00e9rica.<\/p>\n<p>La delegaci\u00f3n oficial que acompa\u00f1a al mandatario la integran el ministro de Relaciones Exteriores, Bruno Rodr\u00edguez Parrilla; la viceministra Josefina Vidal Ferreiro; otros directivos y funcionarios de la canciller\u00eda cubana.<\/p>\n<p>El ALBA est\u00e1 integrada por Venezuela, Bolivia, Nicaragua, la Mancomunidad de Dominica, Antigua y Barbuda, San Vicente y Las Granadinas, Santa Luc\u00eda, San Crist\u00f3bal y Nieves, Granada y Cuba.<\/p>\n","protected":false},"excerpt":{"rendered":"<p>El presidente cubano Miguel D\u00edaz-Canel Berm\u00fadez fue recibido este viernes 13 de diciembre en el aeropuerto internacional de Maiquet\u00eda por el canciller venezolano Yvan Gil<\/p>\n","protected":false},"author":26,"featured_media":39285,"comment_status":"open","ping_status":"open","sticky":false,"template":"","format":"standard","meta":{"_acf_changed":false,"footnotes":""},"categories":[3,4,8],"tags":[380,241,28],"coauthors":[],"class_list":["post-39284","post","type-post","status-publish","format-standard","has-post-thumbnail","hentry","category-cuba","category-internacionales","category-noticia","tag-alba-tcp","tag-cuba-venezuela","tag-miguel-diaz-canel"],"acf":[],"_links":{"self":[{"href":"https:\/\/www.radiosanctispiritus.cu\/es\/wp-json\/wp\/v2\/posts\/39284","targetHints":{"allow":["GET"]}}],"collection":[{"href":"https:\/\/www.radiosanctispiritus.cu\/es\/wp-json\/wp\/v2\/posts"}],"about":[{"href":"https:\/\/www.radiosanctispiritus.cu\/es\/wp-json\/wp\/v2\/types\/post"}],"author":[{"embeddable":true,"href":"https:\/\/www.radiosanctispiritus.cu\/es\/wp-json\/wp\/v2\/users\/26"}],"replies":[{"embeddable":true,"href":"https:\/\/www.radiosanctispiritus.cu\/es\/wp-json\/wp\/v2\/comments?post=39284"}],"version-history":[{"count":0,"href":"https:\/\/www.radiosanctispiritus.cu\/es\/wp-json\/wp\/v2\/posts\/39284\/revisions"}],"wp:featuredmedia":[{"embeddable":true,"href":"https:\/\/www.radiosanctispiritus.cu\/es\/wp-json\/wp\/v2\/media\/39285"}],"wp:attachment":[{"href":"https:\/\/www.radiosanctispiritus.cu\/es\/wp-json\/wp\/v2\/media?parent=39284"}],"wp:term":[{"taxonomy":"category","embeddable":true,"href":"https:\/\/www.radiosanctispiritus.cu\/es\/wp-json\/wp\/v2\/categories?post=39284"},{"taxonomy":"post_tag","embeddable":true,"href":"https:\/\/www.radiosanctispiritus.cu\/es\/wp-json\/wp\/v2\/tags?post=39284"},{"taxonomy":"author","embeddable":true,"href":"https:\/\/www.radiosanctispiritus.cu\/es\/wp-json\/wp\/v2\/coauthors?post=39284"}],"curies":[{"name":"wp","href":"https:\/\/api.w.org\/{rel}","templated":true}]}}