{"id":39280,"date":"2024-12-13T23:19:18","date_gmt":"2024-12-14T04:19:18","guid":{"rendered":"https:\/\/www.radiosanctispiritus.cu\/es\/?p=39280"},"modified":"2024-12-13T23:19:18","modified_gmt":"2024-12-14T04:19:18","slug":"diaz-canel-momento-que-vive-cuba-es-complejo-pero-no-insuperable","status":"publish","type":"post","link":"https:\/\/www.radiosanctispiritus.cu\/es\/diaz-canel-momento-que-vive-cuba-es-complejo-pero-no-insuperable\/","title":{"rendered":"D\u00edaz-Canel: momento que vive Cuba es complejo pero no insuperable"},"content":{"rendered":"<p>Cuba manifestar\u00e1 su rechazo a la pol\u00edtica hostil del gobierno de Estados Unidos con una marcha frente a su embajada aqu\u00ed el pr\u00f3ximo 20 de diciembre, convocada por el presidente Miguel D\u00edaz-Canel.<\/p>\n<p>El mandatario llam\u00f3 a los cubanos a reunirse y desfilar frente a la legaci\u00f3n diplom\u00e1tica del pa\u00eds norte\u00f1o con el fin de patentizar el rumbo socialista del proceso revolucionario de la isla que sufre medidas coercitivas de la administraci\u00f3n Biden y est\u00e1 alerta ante la ret\u00f3rica de m\u00e1xima presi\u00f3n del pr\u00f3ximo inquilino del Despacho Oval.<\/p>\n<p>La Casa Blanca sigue reforzando sus medidas de hostigamiento contra la isla, pero ser\u00e1 imposible rendir y arrodillar a los cubanos, asever\u00f3 el tambi\u00e9n primer secretario del Partido Comunista, en el cierre del IX Pleno de la organizaci\u00f3n.<\/p>\n<p>Ante ese escenario, Cuba recibe el apoyo de quienes desean un mundo mejor, de paz, sin guerras ni conflictos, con justicia social y sin bloqueos ni medidas coercitivas, asegur\u00f3.<\/p>\n<p>D\u00edaz-Canel explic\u00f3 que esa postura fue expresada en declaraciones, comunicados de gobiernos, de partidos pol\u00edticos, organizaciones no gubernamentales y personas que respaldan a la naci\u00f3n hermana.<\/p>\n<p>El presidente cubano reiter\u00f3, adem\u00e1s, la esencia criminal y genocida del bloqueo y la certeza de que contra su pa\u00eds se ejerce una guerra multidimensional aunque algunos pretendan desconocerla.<\/p>\n<p>Dijo asimismo, que el imperialismo desprecia al heroico pueblo cubano por su capacidad de resistencia y valent\u00eda, raz\u00f3n para marchar frente a su embajada como otras tantas veces se hizo, encabezados por el l\u00edder hist\u00f3rico, Fidel Castro.<\/p>\n<p>El bloqueo estadounidense y la inclusi\u00f3n de Cuba por ese gobierno en la injustificada lista de pa\u00edses patrocinadores del terrorismo, causa mucho da\u00f1o y sufrimiento a la poblaci\u00f3n, denunci\u00f3.<\/p>\n<p>D\u00edaz-Canel alert\u00f3 que existe un nuevo contexto de reconfiguraci\u00f3n del mapa geopol\u00edtico internacional, escenario en el que Cuba rechaza con firmeza todo intento de doblegarla, o de que haga concesiones en sus principios.<\/p>\n<p>Sostuvo que el momento es complejo pero no insuperable, lo que requiere la aplicaci\u00f3n del concepto de resistencia colectiva y con creatividad, tras seis d\u00e9cadas de hostilidad de la mayor potencia imperial de la historia moderna.<\/p>\n<p>El Comit\u00e9 Central del Partido Comunista de Cuba (CCPCC) analiz\u00f3 asuntos de inter\u00e9s econ\u00f3mico y el impacto ideol\u00f3gico de m\u00faltiples fen\u00f3menos sociales, durante la \u00faltima sesi\u00f3n de trabajo de la estructura partidista, iniciado el jueves.<\/p>\n<p><strong>Cuba con se\u00f1ales de recuperaci\u00f3n, pese a guerra econ\u00f3mica de EEUU<\/strong><\/p>\n<p>El presidente de Cuba, Miguel D\u00edaz-Canel, detall\u00f3 este viernes, en su discurso de cierre del IX Pleno del Comit\u00e9 Central del Partido Comunista, el escenario de guerra econ\u00f3mica en el que la isla empieza a mostrar se\u00f1ales positivas de recuperaci\u00f3n en indicadores vitales.<\/p>\n<p>En ese sentido, el tambi\u00e9n primer secretario de esa organizaci\u00f3n, asegur\u00f3 que tras el an\u00e1lisis de las proyecciones del Gobierno para corregir distorsiones y reimpulsar la econom\u00eda aparecen se\u00f1ales positivas de recuperaci\u00f3n, aunque con un impacto a\u00fan limitado.<\/p>\n<p>Ejemplific\u00f3 con la producci\u00f3n de alimentos, aspecto que si bien no se obtienen los niveles deseados, ni se reducen sus precios de venta, \u201ceste a\u00f1o el comportamiento es m\u00e1s favorable a per\u00edodos precedentes\u201d afirm\u00f3.<\/p>\n<p>Los vol\u00famenes de siembra de las campa\u00f1as de primavera y fr\u00edo de 2024, son los mayores de los \u00faltimos 10 a\u00f1os, lo cual se consigui\u00f3 con acentuadas limitaciones de recursos agr\u00edcolas, abund\u00f3 el presidente de la Rep\u00fablica.<\/p>\n<p>En su intervenci\u00f3n, el mandatario se refiri\u00f3 a las inversiones que realiza el pa\u00eds en el Sistema Electroenerg\u00e9tico Nacional (SEN) que ayudar\u00e1 a crear mayores capacidades de generaci\u00f3n y un aprovechamiento m\u00e1s \u00f3ptimo de los combustibles destinados hoy para generar electricidad.<\/p>\n<p>La inversi\u00f3n abarca a todo el pa\u00eds con los emplazamiento de parques solares, dos de los se ejecutan actualmente con posibilidades de acumulaci\u00f3n de 100 megawatts cada uno, detall\u00f3.<\/p>\n<p>Asimismo, se realizan acciones para recuperar potencia en la generaci\u00f3n distribuida y en las termoel\u00e9ctricas, abund\u00f3.<\/p>\n<p>Explic\u00f3 que la inclusi\u00f3n de Cuba en la lista de Estados patrocinadores del terrorismo, dificulta y muchas veces atrasa durante d\u00edas y semanas los pagos a los mediante los mecanismos financieros internacionales establecidos.<\/p>\n<p>Ejemplific\u00f3 con las demoras para descargar un buque con gas licuado para uso dom\u00e9stico, el cual permaneci\u00f3 m\u00e1s de 15 d\u00edas de sobreestad\u00eda por dificultades para concretar el pago de esa mercanc\u00eda.<\/p>\n<p>Una afectaci\u00f3n directa al pueblo por una medida del gobierno estadounidense, algo que es habitual, remarc\u00f3.<\/p>\n<p>Asegur\u00f3, que el sector no estatal resulta igualmente afectado y debe buscar mecanismos alternos, asumir riesgos y operar al margen de los mecanismos financieros y contables legales.<\/p>\n<p>El pa\u00eds debe romper la dependencia de las importaciones, asumiendo las que son estrictamente necesarias como son las materias primas y los insumos para los procesos productivos, asever\u00f3 el jefe de Estado.<\/p>\n","protected":false},"excerpt":{"rendered":"<p>El presidente de Cuba, Miguel D\u00edaz-Canel, detall\u00f3 este viernes, en su discurso de cierre del IX Pleno del Comit\u00e9 Central del Partido Comunista, el escenario de guerra econ\u00f3mica en el que la isla empieza a mostrar se\u00f1ales positivas de recuperaci\u00f3n en indicadores vitales.<\/p>\n","protected":false},"author":22,"featured_media":39281,"comment_status":"open","ping_status":"open","sticky":false,"template":"","format":"standard","meta":{"_acf_changed":false,"footnotes":""},"categories":[3,16,8],"tags":[28,74,1242],"coauthors":[],"class_list":["post-39280","post","type-post","status-publish","format-standard","has-post-thumbnail","hentry","category-cuba","category-economia","category-noticia","tag-miguel-diaz-canel","tag-partido-comunista-de-cuba","tag-pleno-comite-central-pcc"],"acf":[],"_links":{"self":[{"href":"https:\/\/www.radiosanctispiritus.cu\/es\/wp-json\/wp\/v2\/posts\/39280","targetHints":{"allow":["GET"]}}],"collection":[{"href":"https:\/\/www.radiosanctispiritus.cu\/es\/wp-json\/wp\/v2\/posts"}],"about":[{"href":"https:\/\/www.radiosanctispiritus.cu\/es\/wp-json\/wp\/v2\/types\/post"}],"author":[{"embeddable":true,"href":"https:\/\/www.radiosanctispiritus.cu\/es\/wp-json\/wp\/v2\/users\/22"}],"replies":[{"embeddable":true,"href":"https:\/\/www.radiosanctispiritus.cu\/es\/wp-json\/wp\/v2\/comments?post=39280"}],"version-history":[{"count":0,"href":"https:\/\/www.radiosanctispiritus.cu\/es\/wp-json\/wp\/v2\/posts\/39280\/revisions"}],"wp:featuredmedia":[{"embeddable":true,"href":"https:\/\/www.radiosanctispiritus.cu\/es\/wp-json\/wp\/v2\/media\/39281"}],"wp:attachment":[{"href":"https:\/\/www.radiosanctispiritus.cu\/es\/wp-json\/wp\/v2\/media?parent=39280"}],"wp:term":[{"taxonomy":"category","embeddable":true,"href":"https:\/\/www.radiosanctispiritus.cu\/es\/wp-json\/wp\/v2\/categories?post=39280"},{"taxonomy":"post_tag","embeddable":true,"href":"https:\/\/www.radiosanctispiritus.cu\/es\/wp-json\/wp\/v2\/tags?post=39280"},{"taxonomy":"author","embeddable":true,"href":"https:\/\/www.radiosanctispiritus.cu\/es\/wp-json\/wp\/v2\/coauthors?post=39280"}],"curies":[{"name":"wp","href":"https:\/\/api.w.org\/{rel}","templated":true}]}}