{"id":39267,"date":"2024-12-14T07:39:59","date_gmt":"2024-12-14T12:39:59","guid":{"rendered":"https:\/\/www.radiosanctispiritus.cu\/es\/?p=39267"},"modified":"2024-12-14T23:00:15","modified_gmt":"2024-12-15T04:00:15","slug":"concurso-mi-canto-a-la-canchanchara-distingue-segunda-edicion-de-la-festividad-en-trinidad","status":"publish","type":"post","link":"https:\/\/www.radiosanctispiritus.cu\/es\/concurso-mi-canto-a-la-canchanchara-distingue-segunda-edicion-de-la-festividad-en-trinidad\/","title":{"rendered":"Concurso \u00abMi Canto a La Canchanchara\u00bb distingue segunda edici\u00f3n de la festividad en Trinidad."},"content":{"rendered":"<p>&nbsp;<\/p>\n<p>Mi Canto a la Canch\u00e1nchara\u00bb es el concurso que reverencia el pentagrama de la Ciudad museo del Mar Caribe. Siete composiciones escritas y defendidas por m\u00fasicos de esta villa ser\u00e1n una de las novedades de la segunda edici\u00f3n del festival \u00abCanch\u00e1nchara: Tradici\u00f3n y Cultura.\u00bb<\/p>\n<p>Elvis P\u00e9rez, m\u00fasico y organizador del certamen, indic\u00f3 que entran en competencia:<\/p>\n<p>\u00abCanchanchareando,\u00bb de Jos\u00e9 Ferrer, interpretada por el sexteto Montimar.\u00bb Mayuli Palma y la Resistencia,\u00bb con \u00abComprueba mis tradiciones,\u00bb escrita por la propia Mayuli. \u00abCanch\u00e1nchara de Trinidad,\u00bb de Rudy Guerra, interpretada por Yamisleydi \u00a0Molinet. \u00abCanch\u00e1nchara, qu\u00e9 buena est\u00e1,\u00bb de Carlos Paz, defendida por Las Tonadas Trinitarias. \u00abSon trinitario,\u00bb propuesta de Carlos Zerquera, con su canci\u00f3n \u00abRica Canch\u00e1nchara.\u00bb\u00bbMi Canch\u00e1nchara,\u00bb tambi\u00e9n de Carlos Zerquera.<\/p>\n<p>El certamen est\u00e1 programado para el espect\u00e1culo del s\u00e1bado en la noche, cuando las obras ser\u00e1n interpretadas en vivo. Un jurado integrado por Vania Borges, Waldo Mendoza, Issac Delgado y otros seleccionar\u00e1 el gran premio, mientras que el p\u00fablico entregar\u00e1 el premio de la popularidad.<\/p>\n<p>El presidente del comit\u00e9 organizador del festival, Pepe L\u00f3pez, elogi\u00f3 la inclusi\u00f3n del concurso \u00abMi Canto a la Canch\u00e1nchara,\u00bb que se estrena en esta segunda edici\u00f3n. \u00abLa festividad apuesta por el rico patrimonio de la urbe. He recibido muchos mensajes de trinitarios agradeciendo por este evento y por regalarle a Trinidad esta tradici\u00f3n de cultura. Esta edici\u00f3n es internacional, y quiero dar las gracias a todos los patrocinadores,\u00bb coment\u00f3 L\u00f3pez.<\/p>\n<p>El festival \u00abCanch\u00e1nchara\u00bb adquiere ribetes internacionales no solo por la m\u00fasica, sino tambi\u00e9n por la gastronom\u00eda. De Espa\u00f1a, \u00a0\u00abUn cortador de jamones y quesos dar\u00e1 una demostraci\u00f3n de la cultura espa\u00f1ola, lo cual ser\u00e1 muy bonito. Tambi\u00e9n agradezco a todos los hostales y paladares de la ciudad que se unen con nosotros a defender la gastronom\u00eda trinitaria, que juega un papel fundamental,\u00bb concluy\u00f3 L\u00f3pez.<\/p>\n<p><iframe src=\"https:\/\/www.ivoox.com\/player_ej_136882547_6_1.html?c1=7a0d0b\" width=\"100%\" height=\"200\" frameborder=\"0\" scrolling=\"no\" allowfullscreen=\"allowfullscreen\"><\/iframe><\/p>\n","protected":false},"excerpt":{"rendered":"<p>Composiciones escritas y defendidas por m\u00fasicos de la urbe ser\u00e1n una de las novedades de la segunda edici\u00f3n del festival \u00abCanch\u00e1nchara: Tradici\u00f3n y Cultura.\u00bb<\/p>\n","protected":false},"author":145,"featured_media":19347,"comment_status":"open","ping_status":"open","sticky":false,"template":"","format":"standard","meta":{"_acf_changed":false,"footnotes":""},"categories":[9,1],"tags":[1486,1487,1485,40],"coauthors":[],"class_list":["post-39267","post","type-post","status-publish","format-standard","has-post-thumbnail","hentry","category-en-audio","category-sancti-spiritus","tag-ciudad-museo-del-mar-caribe","tag-festival-canchanchara-tradicion-y-cultura","tag-mi-canto-a-la-canchanchara","tag-trinidad"],"acf":[],"_links":{"self":[{"href":"https:\/\/www.radiosanctispiritus.cu\/es\/wp-json\/wp\/v2\/posts\/39267","targetHints":{"allow":["GET"]}}],"collection":[{"href":"https:\/\/www.radiosanctispiritus.cu\/es\/wp-json\/wp\/v2\/posts"}],"about":[{"href":"https:\/\/www.radiosanctispiritus.cu\/es\/wp-json\/wp\/v2\/types\/post"}],"author":[{"embeddable":true,"href":"https:\/\/www.radiosanctispiritus.cu\/es\/wp-json\/wp\/v2\/users\/145"}],"replies":[{"embeddable":true,"href":"https:\/\/www.radiosanctispiritus.cu\/es\/wp-json\/wp\/v2\/comments?post=39267"}],"version-history":[{"count":0,"href":"https:\/\/www.radiosanctispiritus.cu\/es\/wp-json\/wp\/v2\/posts\/39267\/revisions"}],"wp:featuredmedia":[{"embeddable":true,"href":"https:\/\/www.radiosanctispiritus.cu\/es\/wp-json\/wp\/v2\/media\/19347"}],"wp:attachment":[{"href":"https:\/\/www.radiosanctispiritus.cu\/es\/wp-json\/wp\/v2\/media?parent=39267"}],"wp:term":[{"taxonomy":"category","embeddable":true,"href":"https:\/\/www.radiosanctispiritus.cu\/es\/wp-json\/wp\/v2\/categories?post=39267"},{"taxonomy":"post_tag","embeddable":true,"href":"https:\/\/www.radiosanctispiritus.cu\/es\/wp-json\/wp\/v2\/tags?post=39267"},{"taxonomy":"author","embeddable":true,"href":"https:\/\/www.radiosanctispiritus.cu\/es\/wp-json\/wp\/v2\/coauthors?post=39267"}],"curies":[{"name":"wp","href":"https:\/\/api.w.org\/{rel}","templated":true}]}}