{"id":39143,"date":"2024-12-12T04:17:21","date_gmt":"2024-12-12T09:17:21","guid":{"rendered":"https:\/\/www.radiosanctispiritus.cu\/es\/?p=39143"},"modified":"2024-12-11T21:22:11","modified_gmt":"2024-12-12T02:22:11","slug":"alista-fomento-su-semana-de-la-cultura","status":"publish","type":"post","link":"https:\/\/www.radiosanctispiritus.cu\/es\/alista-fomento-su-semana-de-la-cultura\/","title":{"rendered":"Alista Fomento su semana de la cultura"},"content":{"rendered":"<p>Enmarcada en la celebraci\u00f3n de dos hechos hist\u00f3ricos importantes, tendr\u00e1 lugar la Semana de la Cultura en Fomento del 12 al 18 de diciembre: la liberaci\u00f3n del poblado de Agabama y la de Fomento, a 66 a\u00f1os de aquella epopeya hist\u00f3rica y social durante la campa\u00f1a de Las Villas.<\/p>\n<p>En Fomento, se rememorar\u00e1n a trav\u00e9s de testimonios vivos y documentales los momentos de enfrentamiento a la tiran\u00eda batistiana y el triunfo del Ej\u00e9rcito Rebelde a fines de 1958, a trav\u00e9s del programa sociopol\u00edtico y cultural planificado al efecto.<\/p>\n<p>El comienzo de la Semana de la Cultura se efectuar\u00e1 el 12 en Agabama, donde el pueblo y los combatientes se dar\u00e1n cita en la plaza y rendir\u00e1n homenaje pol\u00edtico y cultural a los h\u00e9roes y m\u00e1rtires de la patria. Luego, se realizar\u00e1 un conversatorio con los combatientes y se promover\u00e1n los fondos bibliogr\u00e1ficos que atesora la biblioteca. Adem\u00e1s, habr\u00e1 una feria agropecuaria, de gastronom\u00eda y de servicios para celebrar el 66 aniversario de la liberaci\u00f3n del poblado.<\/p>\n<p>La actividad de clausura acontecer\u00e1 el d\u00eda 18 de diciembre en Fomento.<\/p>\n<p><iframe src=\"https:\/\/www.ivoox.com\/player_ej_136809359_6_1.html?c1=7a0d0b\" width=\"100%\" height=\"200\" frameborder=\"0\" scrolling=\"no\" allowfullscreen=\"allowfullscreen\"><\/iframe><\/p>\n","protected":false},"excerpt":{"rendered":"<p>La Semana de la Cultura en Fomento tendr\u00e1 lugar del 12 al 18 de diciembre<\/p>\n","protected":false},"author":185,"featured_media":39145,"comment_status":"open","ping_status":"open","sticky":false,"template":"","format":"standard","meta":{"_acf_changed":false,"footnotes":""},"categories":[6,9],"tags":[1476,630,589],"coauthors":[],"class_list":["post-39143","post","type-post","status-publish","format-standard","has-post-thumbnail","hentry","category-cultura","category-en-audio","tag-agabama","tag-fomento","tag-semana-de-la-cultura"],"acf":[],"_links":{"self":[{"href":"https:\/\/www.radiosanctispiritus.cu\/es\/wp-json\/wp\/v2\/posts\/39143","targetHints":{"allow":["GET"]}}],"collection":[{"href":"https:\/\/www.radiosanctispiritus.cu\/es\/wp-json\/wp\/v2\/posts"}],"about":[{"href":"https:\/\/www.radiosanctispiritus.cu\/es\/wp-json\/wp\/v2\/types\/post"}],"author":[{"embeddable":true,"href":"https:\/\/www.radiosanctispiritus.cu\/es\/wp-json\/wp\/v2\/users\/185"}],"replies":[{"embeddable":true,"href":"https:\/\/www.radiosanctispiritus.cu\/es\/wp-json\/wp\/v2\/comments?post=39143"}],"version-history":[{"count":0,"href":"https:\/\/www.radiosanctispiritus.cu\/es\/wp-json\/wp\/v2\/posts\/39143\/revisions"}],"wp:featuredmedia":[{"embeddable":true,"href":"https:\/\/www.radiosanctispiritus.cu\/es\/wp-json\/wp\/v2\/media\/39145"}],"wp:attachment":[{"href":"https:\/\/www.radiosanctispiritus.cu\/es\/wp-json\/wp\/v2\/media?parent=39143"}],"wp:term":[{"taxonomy":"category","embeddable":true,"href":"https:\/\/www.radiosanctispiritus.cu\/es\/wp-json\/wp\/v2\/categories?post=39143"},{"taxonomy":"post_tag","embeddable":true,"href":"https:\/\/www.radiosanctispiritus.cu\/es\/wp-json\/wp\/v2\/tags?post=39143"},{"taxonomy":"author","embeddable":true,"href":"https:\/\/www.radiosanctispiritus.cu\/es\/wp-json\/wp\/v2\/coauthors?post=39143"}],"curies":[{"name":"wp","href":"https:\/\/api.w.org\/{rel}","templated":true}]}}