{"id":39100,"date":"2024-12-11T04:40:19","date_gmt":"2024-12-11T09:40:19","guid":{"rendered":"https:\/\/www.radiosanctispiritus.cu\/es\/?p=39100"},"modified":"2024-12-11T04:04:13","modified_gmt":"2024-12-11T09:04:13","slug":"cubania-y-buen-arte-trinitario-se-mezclan-en-festival-canchanchara","status":"publish","type":"post","link":"https:\/\/www.radiosanctispiritus.cu\/es\/cubania-y-buen-arte-trinitario-se-mezclan-en-festival-canchanchara\/","title":{"rendered":"Cuban\u00eda y buen arte trinitario se mezclan en Festival Canch\u00e1nchara"},"content":{"rendered":"<p>Gran fiesta de las artes de Trinidad de Cuba es la Segunda edici\u00f3n del Festival Canch\u00e1nchara , Tradici\u00f3n y Cultura que entre el 13 el 15 de diciembre invita a lugare\u00f1os y a visitantes nacionales y for\u00e1neos a defender la alegr\u00eda y la felicidad.<\/p>\n<p>Pintura, fotograf\u00eda, danza, gastronom\u00eda y sobre todo m\u00fasica, se entretejen en una misma celebraci\u00f3n que agasaja a la Ciudad Artesanal del Mundo y Creativa , Monumento Nacional y Patrimonio Cultural de la Humanidad junto al Valle de los Ingenios , la tercera villa de Cuba pr\u00f3xima a sus 511 a\u00f1os.<\/p>\n<p>Los que llegan atra\u00eddos por la exquisita canch\u00e1nchara acu\u00f1an el slogan Ciudad de Encuentros que es la urbe del m\u00fasico Pepe L\u00f3pez , hijo ilustre , quien convoca a artistas de Cuba y del mundo.<\/p>\n<p>\u201cTraemos de Italia un gran salsero que se llama Jean Carlos Piuli, el Rubio Loco quien ofrecer\u00e1 el s\u00e1bado un concierto junto a otros artistas cubanos como Waldo Mendoza, Isaac Delgado, Arlenys Rodr\u00edguez, el trinitario Alain P\u00e9rez adem\u00e1s las orquestas Elito Rev\u00e9 y su Charang\u00f3n, Adalberto \u00c1lvarez ,hijo \u201c.<\/p>\n<p>Tambi\u00e9n integran el elenco de la festividad, Vania Borges, Div\u00e1n , Las Canelas , Will Campa y la Gran Uni\u00f3n, Tony Lugones , Santiaguito y sus tambores y los actores Ary Fonseca y Roberto Romero .<\/p>\n<p>\u201cVamos a llevar el festival hasta Manca Iznaga, en el Valle de los Ingenios , Patrimonio Cultural de la Humanidad, all\u00ed vamos a estar ofreciendo arte con nuestra pintora Yudit Vidal Faife que va a inaugurar una exposici\u00f3n ,este a\u00f1o en la Casa de la Trova tambi\u00e9n se mostrar\u00e1 una expo con fotograf\u00edas de \u00edconos de ese g\u00e9nero en la ciudad\u201d .<\/p>\n<p>Es la manera de recurrir a las noches bohemias , una de las singularidades que otorgan los trovadores a la a\u00f1eja urbe, complemento del Concurso de M\u00fasica Cant\u00e1ndole a la canch\u00e1nchara, novedad de la segunda edici\u00f3n.<\/p>\n<p>El Presidente del Comit\u00e9 organizador de la festividad dijo tambi\u00e9n que este jueves 12 de diciembre en horario de la ma\u00f1ana ser\u00e1 la rueda de prensa en el patio del Museo Rom\u00e1ntico.<\/p>\n","protected":false},"excerpt":{"rendered":"<p>Gran fiesta de las artes de Trinidad de Cuba es la Segunda edici\u00f3n del Festival Canch\u00e1nchara , Tradici\u00f3n y Cultura entre el 13 el 15 de diciembre<\/p>\n","protected":false},"author":145,"featured_media":19347,"comment_status":"open","ping_status":"open","sticky":false,"template":"","format":"standard","meta":{"_acf_changed":false,"footnotes":""},"categories":[6],"tags":[109,1447,1191,1468,531,110,1469,54,495],"coauthors":[],"class_list":["post-39100","post","type-post","status-publish","format-standard","has-post-thumbnail","hentry","category-cultura","tag-ciudad-artesanal-del-mundo","tag-festival-canchanchara","tag-gastronomia","tag-monumento-nacional","tag-musica","tag-patrimonio-cultural-de-la-humanidad","tag-pepe-lopez","tag-trinidad-de-cuba","tag-valle-de-los-ingenios"],"acf":[],"_links":{"self":[{"href":"https:\/\/www.radiosanctispiritus.cu\/es\/wp-json\/wp\/v2\/posts\/39100","targetHints":{"allow":["GET"]}}],"collection":[{"href":"https:\/\/www.radiosanctispiritus.cu\/es\/wp-json\/wp\/v2\/posts"}],"about":[{"href":"https:\/\/www.radiosanctispiritus.cu\/es\/wp-json\/wp\/v2\/types\/post"}],"author":[{"embeddable":true,"href":"https:\/\/www.radiosanctispiritus.cu\/es\/wp-json\/wp\/v2\/users\/145"}],"replies":[{"embeddable":true,"href":"https:\/\/www.radiosanctispiritus.cu\/es\/wp-json\/wp\/v2\/comments?post=39100"}],"version-history":[{"count":0,"href":"https:\/\/www.radiosanctispiritus.cu\/es\/wp-json\/wp\/v2\/posts\/39100\/revisions"}],"wp:featuredmedia":[{"embeddable":true,"href":"https:\/\/www.radiosanctispiritus.cu\/es\/wp-json\/wp\/v2\/media\/19347"}],"wp:attachment":[{"href":"https:\/\/www.radiosanctispiritus.cu\/es\/wp-json\/wp\/v2\/media?parent=39100"}],"wp:term":[{"taxonomy":"category","embeddable":true,"href":"https:\/\/www.radiosanctispiritus.cu\/es\/wp-json\/wp\/v2\/categories?post=39100"},{"taxonomy":"post_tag","embeddable":true,"href":"https:\/\/www.radiosanctispiritus.cu\/es\/wp-json\/wp\/v2\/tags?post=39100"},{"taxonomy":"author","embeddable":true,"href":"https:\/\/www.radiosanctispiritus.cu\/es\/wp-json\/wp\/v2\/coauthors?post=39100"}],"curies":[{"name":"wp","href":"https:\/\/api.w.org\/{rel}","templated":true}]}}