{"id":39085,"date":"2024-12-11T04:38:55","date_gmt":"2024-12-11T09:38:55","guid":{"rendered":"https:\/\/www.radiosanctispiritus.cu\/es\/?p=39085"},"modified":"2024-12-11T03:54:06","modified_gmt":"2024-12-11T08:54:06","slug":"encuentro-de-coros-estrecha-nexos-de-sancti-spiritus-con-su-tradicion","status":"publish","type":"post","link":"https:\/\/www.radiosanctispiritus.cu\/es\/encuentro-de-coros-estrecha-nexos-de-sancti-spiritus-con-su-tradicion\/","title":{"rendered":"Encuentro de coros estrecha nexos de Sancti Sp\u00edritus con su tradici\u00f3n"},"content":{"rendered":"<p>A pesar de las estrecheces econ\u00f3micas y otros muchos tropiezos, el XVI Encuentro de Coros se vive en la ciudad de Sancti Sp\u00edritus como un espacio necesario. As\u00ed lo defini\u00f3 Leticia Ulacia, integrante del coro de clave, agrupaci\u00f3n anfitriona.<\/p>\n<p>\u00abEs una tradici\u00f3n, primeramente como tradici\u00f3n identitaria de nuestra ciudad. Perderla ser\u00eda doloroso tambi\u00e9n para la historia musical. Mantener estos encuentros de coro es seguir fomentando que sigan surgiendo en las universidades y en las escuelas primarias los coros de clave,\u00bb explic\u00f3 Leticia.<\/p>\n<p>Una de las fortalezas de esta edici\u00f3n es que el encuentro ha salido fuera de los per\u00edmetros de las instituciones culturales. \u00abLlevar el arte a donde est\u00e1 la gente, con la vida tan sofocada como la tenemos, \u00a0hoy en vez de esperar que ellos vengan a ver el arte, nosotros se lo llevamos a la puerta. Ir a la escuela, a la casa de los abuelos, a la tabaquer\u00eda, es una acci\u00f3n que tanto agradecen. Tambi\u00e9n la literatura tiene un espacio fijo all\u00ed. Con eso aseguramos que la identidad no muera, que siga en el pensamiento de los espirituanos y en el deseo de verla y formar parte de ella,\u00bb a\u00f1adi\u00f3.<\/p>\n<p>Tanto Leticia como el resto de los defensores de las rumbas y claves viven enamorados de una verdadera joya musical espirituana. \u00abLlevo m\u00e1s de treinta a\u00f1os en el coro de clave porque es parte de lo que soy como m\u00fasico y en la historia de la m\u00fasica espirituana. Si algo he podido dejar, es imposible que yo pudiera salir del coro de clave teniendo otras propuestas. El coro de clave es parte de mi vida y siempre lo he dicho: all\u00ed me jubilar\u00e9 y, si me dejan, me volver\u00e9 a contratar,\u00bb coment\u00f3.<\/p>\n<p><iframe src=\"https:\/\/www.ivoox.com\/player_ej_136770515_6_1.html?c1=7a0d0b\" width=\"100%\" height=\"200\" frameborder=\"0\" scrolling=\"no\" allowfullscreen=\"allowfullscreen\"><\/iframe><\/p>\n","protected":false},"excerpt":{"rendered":"<p>El XVI Encuentro de Coros se vive en la ciudad del Yayabo como un espacio necesario. <\/p>\n","protected":false},"author":12,"featured_media":38984,"comment_status":"open","ping_status":"open","sticky":false,"template":"","format":"standard","meta":{"_acf_changed":false,"footnotes":""},"categories":[6,9,1],"tags":[1467,1432,1466],"coauthors":[],"class_list":["post-39085","post","type-post","status-publish","format-standard","has-post-thumbnail","hentry","category-cultura","category-en-audio","category-sancti-spiritus","tag-coro-de-clave","tag-encuentro-de-coros","tag-tradicion"],"acf":[],"_links":{"self":[{"href":"https:\/\/www.radiosanctispiritus.cu\/es\/wp-json\/wp\/v2\/posts\/39085","targetHints":{"allow":["GET"]}}],"collection":[{"href":"https:\/\/www.radiosanctispiritus.cu\/es\/wp-json\/wp\/v2\/posts"}],"about":[{"href":"https:\/\/www.radiosanctispiritus.cu\/es\/wp-json\/wp\/v2\/types\/post"}],"author":[{"embeddable":true,"href":"https:\/\/www.radiosanctispiritus.cu\/es\/wp-json\/wp\/v2\/users\/12"}],"replies":[{"embeddable":true,"href":"https:\/\/www.radiosanctispiritus.cu\/es\/wp-json\/wp\/v2\/comments?post=39085"}],"version-history":[{"count":0,"href":"https:\/\/www.radiosanctispiritus.cu\/es\/wp-json\/wp\/v2\/posts\/39085\/revisions"}],"wp:featuredmedia":[{"embeddable":true,"href":"https:\/\/www.radiosanctispiritus.cu\/es\/wp-json\/wp\/v2\/media\/38984"}],"wp:attachment":[{"href":"https:\/\/www.radiosanctispiritus.cu\/es\/wp-json\/wp\/v2\/media?parent=39085"}],"wp:term":[{"taxonomy":"category","embeddable":true,"href":"https:\/\/www.radiosanctispiritus.cu\/es\/wp-json\/wp\/v2\/categories?post=39085"},{"taxonomy":"post_tag","embeddable":true,"href":"https:\/\/www.radiosanctispiritus.cu\/es\/wp-json\/wp\/v2\/tags?post=39085"},{"taxonomy":"author","embeddable":true,"href":"https:\/\/www.radiosanctispiritus.cu\/es\/wp-json\/wp\/v2\/coauthors?post=39085"}],"curies":[{"name":"wp","href":"https:\/\/api.w.org\/{rel}","templated":true}]}}