{"id":39055,"date":"2024-12-10T07:25:23","date_gmt":"2024-12-10T12:25:23","guid":{"rendered":"https:\/\/www.radiosanctispiritus.cu\/es\/?p=39055"},"modified":"2024-12-10T07:25:23","modified_gmt":"2024-12-10T12:25:23","slug":"ecosistemas-de-montana-un-escenario-vital-para-la-vida","status":"publish","type":"post","link":"https:\/\/www.radiosanctispiritus.cu\/es\/ecosistemas-de-montana-un-escenario-vital-para-la-vida\/","title":{"rendered":"Ecosistemas de monta\u00f1a, un escenario vital para la vida"},"content":{"rendered":"<p>El D\u00eda Internacional de las Monta\u00f1as fue proclamado por la\u00a0Asamblea General de las Naciones Unidas\u00a0y se celebra cada 10 de diciembre desde el 2003, en respuesta a la creciente preocupaci\u00f3n por la importancia de este ecosistema\u00a0para la vida humana y la necesidad de promover la conservaci\u00f3n del mismo.<\/p>\n<p>La propuesta fue impulsada por la\u00a0Organizaci\u00f3n de las Naciones Unidas para la Alimentaci\u00f3n y la Agricultura\u00a0(FAO) como parte del A\u00f1o Internacional de las Monta\u00f1as celebrado en 2002.<\/p>\n<p>El objetivo de esta proclamaci\u00f3n es aumentar la conciencia sobre la importancia de las monta\u00f1as, abordar los problemas ambientales que las afectan y promover acciones para su protecci\u00f3n y\u00a0desarrollo sostenible.<\/p>\n<p>Las monta\u00f1as, que albergan la mitad de la biodiversidad mundial\u00a0y suministran agua dulce a m\u00e1s de la mitad de la poblaci\u00f3n global, son fundamentales para la vida en la Tierra.<\/p>\n<p>Sin embargo, est\u00e1n amenazadas por el\u00a0cambio clim\u00e1tico\u00a0y la\u00a0degradaci\u00f3n ambiental, lo que afecta tanto a los ecosistemas como a las comunidades que dependen de ellas.<\/p>\n<p>En Cuba, el Sistema de \u00c1reas Protegidas, incluye los ecosistemas monta\u00f1osos, a partir de su importancia, y a partir de la interacci\u00f3n de organismos, entidades y los pobladores de esos escenarios, se desarrollan m\u00faltiples acciones para su preservaci\u00f3n.<\/p>\n<div id=\"attachment_39059\" style=\"width: 610px\" class=\"wp-caption aligncenter\"><img decoding=\"async\" aria-describedby=\"caption-attachment-39059\" class=\"size-medium wp-image-39059\" src=\"https:\/\/www.radiosanctispiritus.cu\/es\/wp-content\/uploads\/Ecosistemas-de-montana1-600x448.jpg\" alt=\"Los ecosistemas de monta\u00f1a albergan la mitad de la biodiversidad mundial. Foto: Oscar Alfonso Sosa.\" width=\"600\" height=\"448\" srcset=\"https:\/\/www.radiosanctispiritus.cu\/es\/wp-content\/uploads\/Ecosistemas-de-montana1-600x448.jpg 600w, https:\/\/www.radiosanctispiritus.cu\/es\/wp-content\/uploads\/Ecosistemas-de-montana1.jpg 669w\" sizes=\"(max-width: 600px) 100vw, 600px\" \/><p id=\"caption-attachment-39059\" class=\"wp-caption-text\">Los ecosistemas de monta\u00f1a albergan la mitad de la biodiversidad mundial. Foto: Oscar Alfonso Sosa.<\/p><\/div>\n<div id=\"attachment_39060\" style=\"width: 610px\" class=\"wp-caption aligncenter\"><img decoding=\"async\" aria-describedby=\"caption-attachment-39060\" class=\"size-medium wp-image-39060\" src=\"https:\/\/www.radiosanctispiritus.cu\/es\/wp-content\/uploads\/Ecosistemas-de-montana2-600x464.jpg\" alt=\"Las monta\u00f1as en Cuba est\u00e1n incluidas en el Sistema de \u00c1reas Protegidas. Foto: Oscar Alfonso Sosa.\" width=\"600\" height=\"464\" srcset=\"https:\/\/www.radiosanctispiritus.cu\/es\/wp-content\/uploads\/Ecosistemas-de-montana2-600x464.jpg 600w, https:\/\/www.radiosanctispiritus.cu\/es\/wp-content\/uploads\/Ecosistemas-de-montana2.jpg 646w\" sizes=\"(max-width: 600px) 100vw, 600px\" \/><p id=\"caption-attachment-39060\" class=\"wp-caption-text\">Las monta\u00f1as en Cuba est\u00e1n incluidas en el Sistema de \u00c1reas Protegidas. Foto: Oscar Alfonso Sosa.<\/p><\/div>\n<div id=\"attachment_39062\" style=\"width: 610px\" class=\"wp-caption aligncenter\"><img decoding=\"async\" aria-describedby=\"caption-attachment-39062\" class=\"size-medium wp-image-39062\" src=\"https:\/\/www.radiosanctispiritus.cu\/es\/wp-content\/uploads\/Ecosistemas-de-montana4-600x458.jpg\" alt=\"Tambi\u00e9n las monta\u00f1as son fuente proveedora de alimentos. Foto: Oscar Alfonso Sosa.\" width=\"600\" height=\"458\" srcset=\"https:\/\/www.radiosanctispiritus.cu\/es\/wp-content\/uploads\/Ecosistemas-de-montana4-600x458.jpg 600w, https:\/\/www.radiosanctispiritus.cu\/es\/wp-content\/uploads\/Ecosistemas-de-montana4.jpg 655w\" sizes=\"(max-width: 600px) 100vw, 600px\" \/><p id=\"caption-attachment-39062\" class=\"wp-caption-text\">Tambi\u00e9n las monta\u00f1as son fuente proveedora de alimentos. Foto: Oscar Alfonso Sosa.<\/p><\/div>\n<div id=\"attachment_39063\" style=\"width: 610px\" class=\"wp-caption aligncenter\"><img decoding=\"async\" aria-describedby=\"caption-attachment-39063\" class=\"size-medium wp-image-39063\" src=\"https:\/\/www.radiosanctispiritus.cu\/es\/wp-content\/uploads\/Ecosistemas-de-montana5-600x478.jpg\" alt=\"Los ecosistemas de monta\u00f1a, escenarios que precisan de conservaci\u00f3n permanente. Foto: Oscar Alfonso Sosa.\" width=\"600\" height=\"478\" srcset=\"https:\/\/www.radiosanctispiritus.cu\/es\/wp-content\/uploads\/Ecosistemas-de-montana5-600x478.jpg 600w, https:\/\/www.radiosanctispiritus.cu\/es\/wp-content\/uploads\/Ecosistemas-de-montana5.jpg 628w\" sizes=\"(max-width: 600px) 100vw, 600px\" \/><p id=\"caption-attachment-39063\" class=\"wp-caption-text\">Los ecosistemas de monta\u00f1a, escenarios que precisan de conservaci\u00f3n permanente. Foto: Oscar Alfonso Sosa.<\/p><\/div>\n<div id=\"attachment_39064\" style=\"width: 610px\" class=\"wp-caption aligncenter\"><img decoding=\"async\" aria-describedby=\"caption-attachment-39064\" class=\"size-medium wp-image-39064\" src=\"https:\/\/www.radiosanctispiritus.cu\/es\/wp-content\/uploads\/Ecosistemas-de-montana6-600x433.jpg\" alt=\"Las monta\u00f1as, un escenario natural que se hace imprescindible para la vida. Foto: Oscar Alfonso Sosa.\" width=\"600\" height=\"433\" srcset=\"https:\/\/www.radiosanctispiritus.cu\/es\/wp-content\/uploads\/Ecosistemas-de-montana6-600x433.jpg 600w, https:\/\/www.radiosanctispiritus.cu\/es\/wp-content\/uploads\/Ecosistemas-de-montana6.jpg 693w\" sizes=\"(max-width: 600px) 100vw, 600px\" \/><p id=\"caption-attachment-39064\" class=\"wp-caption-text\">Las monta\u00f1as, un escenario natural que se hace imprescindible para la vida. Foto: Oscar Alfonso Sosa.<\/p><\/div>\n","protected":false},"excerpt":{"rendered":"<p>El D\u00eda Internacional de las Monta\u00f1as fue proclamado por la Asamblea General de las Naciones Unidas y se celebra cada 10 de diciembre <\/p>\n","protected":false},"author":15,"featured_media":39061,"comment_status":"open","ping_status":"open","sticky":false,"template":"","format":"standard","meta":{"_acf_changed":false,"footnotes":""},"categories":[11],"tags":[1454,89,1457,1453,1314,1456,1455],"coauthors":[],"class_list":["post-39055","post","type-post","status-publish","format-standard","has-post-thumbnail","hentry","category-fotorreportaje","tag-asamblea-general-de-las-naciones-unidas","tag-cambio-climatico","tag-degradacion-ambiental","tag-dia-internacional-de-las-montanas","tag-ecosistema","tag-fao","tag-vida-humana"],"acf":[],"_links":{"self":[{"href":"https:\/\/www.radiosanctispiritus.cu\/es\/wp-json\/wp\/v2\/posts\/39055","targetHints":{"allow":["GET"]}}],"collection":[{"href":"https:\/\/www.radiosanctispiritus.cu\/es\/wp-json\/wp\/v2\/posts"}],"about":[{"href":"https:\/\/www.radiosanctispiritus.cu\/es\/wp-json\/wp\/v2\/types\/post"}],"author":[{"embeddable":true,"href":"https:\/\/www.radiosanctispiritus.cu\/es\/wp-json\/wp\/v2\/users\/15"}],"replies":[{"embeddable":true,"href":"https:\/\/www.radiosanctispiritus.cu\/es\/wp-json\/wp\/v2\/comments?post=39055"}],"version-history":[{"count":0,"href":"https:\/\/www.radiosanctispiritus.cu\/es\/wp-json\/wp\/v2\/posts\/39055\/revisions"}],"wp:featuredmedia":[{"embeddable":true,"href":"https:\/\/www.radiosanctispiritus.cu\/es\/wp-json\/wp\/v2\/media\/39061"}],"wp:attachment":[{"href":"https:\/\/www.radiosanctispiritus.cu\/es\/wp-json\/wp\/v2\/media?parent=39055"}],"wp:term":[{"taxonomy":"category","embeddable":true,"href":"https:\/\/www.radiosanctispiritus.cu\/es\/wp-json\/wp\/v2\/categories?post=39055"},{"taxonomy":"post_tag","embeddable":true,"href":"https:\/\/www.radiosanctispiritus.cu\/es\/wp-json\/wp\/v2\/tags?post=39055"},{"taxonomy":"author","embeddable":true,"href":"https:\/\/www.radiosanctispiritus.cu\/es\/wp-json\/wp\/v2\/coauthors?post=39055"}],"curies":[{"name":"wp","href":"https:\/\/api.w.org\/{rel}","templated":true}]}}