{"id":39004,"date":"2024-12-09T12:21:21","date_gmt":"2024-12-09T17:21:21","guid":{"rendered":"https:\/\/www.radiosanctispiritus.cu\/es\/?p=39004"},"modified":"2024-12-09T12:21:21","modified_gmt":"2024-12-09T17:21:21","slug":"trinidad-y-sus-brisas-a-las-puertas-de-la-humanidad","status":"publish","type":"post","link":"https:\/\/www.radiosanctispiritus.cu\/es\/trinidad-y-sus-brisas-a-las-puertas-de-la-humanidad\/","title":{"rendered":"Trinidad y sus brisas a las puertas de la humanidad"},"content":{"rendered":"<p>Naci\u00f3 entre rejas, portones, calles empedradas, al amparo del mar y de las monta\u00f1as.<\/p>\n<p>Desde cada escenario se escucha el paso de los milenarios hijos de \u00c1frica que a ella llegaron, para sudar y sangrar en plantaciones ca\u00f1eras, ingenios azucareros, hatos ganaderos.<\/p>\n<p>Estremecen tambi\u00e9n la opulencia de las casonas y mansiones de los grandes hacendados, que coparon el maravilloso Valle de los Ingenios para sacarle riquezas a las tierras y a las oportunidades productivas y del comercio de turno.<\/p>\n<p>La Villa naci\u00f3 hace casi 511 a\u00f1os. Y hace m\u00e1s de tres d\u00e9cadas y media\u00a0su embrujo y el del Valle fueron premiados con el t\u00edtulo de Patrimonio Cultural de la Humanidad.<\/p>\n<p>Y ah\u00ed est\u00e1, con sus puertas abiertas, para que el mundo entero la acaricie, la disfrute.<\/p>\n<div id=\"attachment_39006\" style=\"width: 610px\" class=\"wp-caption aligncenter\"><img decoding=\"async\" aria-describedby=\"caption-attachment-39006\" class=\"size-medium wp-image-39006\" src=\"https:\/\/www.radiosanctispiritus.cu\/es\/wp-content\/uploads\/Trinidad-Q1-600x400.jpg\" alt=\"Con casi 511 a\u00f1os Trinidad es una ciudad que embruja. Foto: Oscar Alfonso Sosa.\" width=\"600\" height=\"400\" srcset=\"https:\/\/www.radiosanctispiritus.cu\/es\/wp-content\/uploads\/Trinidad-Q1-600x400.jpg 600w, https:\/\/www.radiosanctispiritus.cu\/es\/wp-content\/uploads\/Trinidad-Q1.jpg 750w\" sizes=\"(max-width: 600px) 100vw, 600px\" \/><p id=\"caption-attachment-39006\" class=\"wp-caption-text\">Con casi 511 a\u00f1os Trinidad es una ciudad que embruja. Foto: Oscar Alfonso Sosa.<\/p><\/div>\n<div id=\"attachment_39007\" style=\"width: 610px\" class=\"wp-caption aligncenter\"><img decoding=\"async\" aria-describedby=\"caption-attachment-39007\" class=\"size-medium wp-image-39007\" src=\"https:\/\/www.radiosanctispiritus.cu\/es\/wp-content\/uploads\/Trinidad-Q2-600x440.jpg\" alt=\"La Plaza Mayor, un sitio emblem\u00e1tico de la urbe, Patrimonio Cultural de la Humanidad. Foto: Oscar Alfonso Sosa.\" width=\"600\" height=\"440\" srcset=\"https:\/\/www.radiosanctispiritus.cu\/es\/wp-content\/uploads\/Trinidad-Q2-600x440.jpg 600w, https:\/\/www.radiosanctispiritus.cu\/es\/wp-content\/uploads\/Trinidad-Q2.jpg 682w\" sizes=\"(max-width: 600px) 100vw, 600px\" \/><p id=\"caption-attachment-39007\" class=\"wp-caption-text\">La Plaza Mayor, un sitio emblem\u00e1tico de la urbe, Patrimonio Cultural de la Humanidad. Foto: Oscar Alfonso Sosa.<\/p><\/div>\n<div id=\"attachment_39008\" style=\"width: 610px\" class=\"wp-caption aligncenter\"><img decoding=\"async\" aria-describedby=\"caption-attachment-39008\" class=\"size-medium wp-image-39008\" src=\"https:\/\/www.radiosanctispiritus.cu\/es\/wp-content\/uploads\/Trinidad-Q3-600x439.jpg\" alt=\"Las a\u00f1ejas brisas de su arquitectura, sus calles de piedra, retienen el aroma de los a\u00f1os. Foto: Oscar Alfonso Sosa.\" width=\"600\" height=\"439\" srcset=\"https:\/\/www.radiosanctispiritus.cu\/es\/wp-content\/uploads\/Trinidad-Q3-600x439.jpg 600w, https:\/\/www.radiosanctispiritus.cu\/es\/wp-content\/uploads\/Trinidad-Q3.jpg 684w\" sizes=\"(max-width: 600px) 100vw, 600px\" \/><p id=\"caption-attachment-39008\" class=\"wp-caption-text\">Las a\u00f1ejas brisas de su arquitectura, sus calles de piedra, retienen el aroma de los a\u00f1os. Foto: Oscar Alfonso Sosa.<\/p><\/div>\n<div id=\"attachment_39010\" style=\"width: 610px\" class=\"wp-caption aligncenter\"><img decoding=\"async\" aria-describedby=\"caption-attachment-39010\" class=\"size-medium wp-image-39010\" src=\"https:\/\/www.radiosanctispiritus.cu\/es\/wp-content\/uploads\/Trinidad-Q5-600x473.jpg\" alt=\"Entre sus huellas  la vida cobra matices en Trinidad. Foto: Oscar Alfonso Sosa.\" width=\"600\" height=\"473\" srcset=\"https:\/\/www.radiosanctispiritus.cu\/es\/wp-content\/uploads\/Trinidad-Q5-600x473.jpg 600w, https:\/\/www.radiosanctispiritus.cu\/es\/wp-content\/uploads\/Trinidad-Q5.jpg 634w\" sizes=\"(max-width: 600px) 100vw, 600px\" \/><p id=\"caption-attachment-39010\" class=\"wp-caption-text\">Entre sus huellas la vida cobra matices en Trinidad. Foto: Oscar Alfonso Sosa.<\/p><\/div>\n<div id=\"attachment_39011\" style=\"width: 610px\" class=\"wp-caption aligncenter\"><img decoding=\"async\" aria-describedby=\"caption-attachment-39011\" class=\"size-medium wp-image-39011\" src=\"https:\/\/www.radiosanctispiritus.cu\/es\/wp-content\/uploads\/Trinidad-Q6-600x420.jpg\" alt=\"El Valle de los Ingenios, un escenario natural que atrapa. Foto: Oscar Alfonso Sosa.\" width=\"600\" height=\"420\" srcset=\"https:\/\/www.radiosanctispiritus.cu\/es\/wp-content\/uploads\/Trinidad-Q6-600x420.jpg 600w, https:\/\/www.radiosanctispiritus.cu\/es\/wp-content\/uploads\/Trinidad-Q6.jpg 714w\" sizes=\"(max-width: 600px) 100vw, 600px\" \/><p id=\"caption-attachment-39011\" class=\"wp-caption-text\">El Valle de los Ingenios, un escenario natural que atrapa. Foto: Oscar Alfonso Sosa.<\/p><\/div>\n","protected":false},"excerpt":{"rendered":"<p>Trinidad Naci\u00f3 entre rejas, portones, calles empedradas, al amparo del mar y de las monta\u00f1aS<\/p>\n","protected":false},"author":15,"featured_media":39009,"comment_status":"open","ping_status":"open","sticky":false,"template":"","format":"standard","meta":{"_acf_changed":false,"footnotes":""},"categories":[11],"tags":[1444,110,40,495],"coauthors":[],"class_list":["post-39004","post","type-post","status-publish","format-standard","has-post-thumbnail","hentry","category-fotorreportaje","tag-calles-empedradas","tag-patrimonio-cultural-de-la-humanidad","tag-trinidad","tag-valle-de-los-ingenios"],"acf":[],"_links":{"self":[{"href":"https:\/\/www.radiosanctispiritus.cu\/es\/wp-json\/wp\/v2\/posts\/39004","targetHints":{"allow":["GET"]}}],"collection":[{"href":"https:\/\/www.radiosanctispiritus.cu\/es\/wp-json\/wp\/v2\/posts"}],"about":[{"href":"https:\/\/www.radiosanctispiritus.cu\/es\/wp-json\/wp\/v2\/types\/post"}],"author":[{"embeddable":true,"href":"https:\/\/www.radiosanctispiritus.cu\/es\/wp-json\/wp\/v2\/users\/15"}],"replies":[{"embeddable":true,"href":"https:\/\/www.radiosanctispiritus.cu\/es\/wp-json\/wp\/v2\/comments?post=39004"}],"version-history":[{"count":0,"href":"https:\/\/www.radiosanctispiritus.cu\/es\/wp-json\/wp\/v2\/posts\/39004\/revisions"}],"wp:featuredmedia":[{"embeddable":true,"href":"https:\/\/www.radiosanctispiritus.cu\/es\/wp-json\/wp\/v2\/media\/39009"}],"wp:attachment":[{"href":"https:\/\/www.radiosanctispiritus.cu\/es\/wp-json\/wp\/v2\/media?parent=39004"}],"wp:term":[{"taxonomy":"category","embeddable":true,"href":"https:\/\/www.radiosanctispiritus.cu\/es\/wp-json\/wp\/v2\/categories?post=39004"},{"taxonomy":"post_tag","embeddable":true,"href":"https:\/\/www.radiosanctispiritus.cu\/es\/wp-json\/wp\/v2\/tags?post=39004"},{"taxonomy":"author","embeddable":true,"href":"https:\/\/www.radiosanctispiritus.cu\/es\/wp-json\/wp\/v2\/coauthors?post=39004"}],"curies":[{"name":"wp","href":"https:\/\/api.w.org\/{rel}","templated":true}]}}