{"id":39001,"date":"2024-12-09T04:38:27","date_gmt":"2024-12-09T09:38:27","guid":{"rendered":"https:\/\/www.radiosanctispiritus.cu\/es\/?p=39001"},"modified":"2024-12-09T04:38:27","modified_gmt":"2024-12-09T09:38:27","slug":"diaz-canel-llama-a-preservar-la-independencia-de-siria","status":"publish","type":"post","link":"https:\/\/www.radiosanctispiritus.cu\/es\/diaz-canel-llama-a-preservar-la-independencia-de-siria\/","title":{"rendered":"D\u00edaz-Canel llama a preservar la independencia de Siria"},"content":{"rendered":"<p>El presidente de Cuba, Miguel D\u00edaz-Canel Berm\u00fadez, convoc\u00f3 a \u201cpreservar la soberan\u00eda, la integridad territorial y la independencia de Siria\u201d.<\/p>\n<p>El mandatario hizo este llamado en un mensaje en la red social X (antes Twitter), en el cual expuso que convers\u00f3 con el embajador cubano en Damasco, y expres\u00f3 su preocupaci\u00f3n por los acontecimiento que desembocaron la v\u00edspera con el derrocamiento del gobierno presidido por\u00a0<a href=\"http:\/\/www.cubadebate.cu\/etiqueta\/bashar-al-assad\/\" target=\"_blank\" rel=\"noopener noreferrer nofollow\">Bachar Al-Asad.<\/a><\/p>\n<p>Asimismo, D\u00edaz-Canel llam\u00f3 a respetar la seguridad de las misiones diplom\u00e1ticas radicadas all\u00ed.<\/p>\n<div class=\"twitter-tweet twitter-tweet-rendered\"><iframe id=\"twitter-widget-0\" class=\"\" title=\"X Post\" src=\"https:\/\/platform.twitter.com\/embed\/Tweet.html?creatorScreenName=cubadebatecu&amp;dnt=false&amp;embedId=twitter-widget-0&amp;features=eyJ0ZndfdGltZWxpbmVfbGlzdCI6eyJidWNrZXQiOltdLCJ2ZXJzaW9uIjpudWxsfSwidGZ3X2ZvbGxvd2VyX2NvdW50X3N1bnNldCI6eyJidWNrZXQiOnRydWUsInZlcnNpb24iOm51bGx9LCJ0ZndfdHdlZXRfZWRpdF9iYWNrZW5kIjp7ImJ1Y2tldCI6Im9uIiwidmVyc2lvbiI6bnVsbH0sInRmd19yZWZzcmNfc2Vzc2lvbiI6eyJidWNrZXQiOiJvbiIsInZlcnNpb24iOm51bGx9LCJ0ZndfZm9zbnJfc29mdF9pbnRlcnZlbnRpb25zX2VuYWJsZWQiOnsiYnVja2V0Ijoib24iLCJ2ZXJzaW9uIjpudWxsfSwidGZ3X21peGVkX21lZGlhXzE1ODk3Ijp7ImJ1Y2tldCI6InRyZWF0bWVudCIsInZlcnNpb24iOm51bGx9LCJ0ZndfZXhwZXJpbWVudHNfY29va2llX2V4cGlyYXRpb24iOnsiYnVja2V0IjoxMjA5NjAwLCJ2ZXJzaW9uIjpudWxsfSwidGZ3X3Nob3dfYmlyZHdhdGNoX3Bpdm90c19lbmFibGVkIjp7ImJ1Y2tldCI6Im9uIiwidmVyc2lvbiI6bnVsbH0sInRmd19kdXBsaWNhdGVfc2NyaWJlc190b19zZXR0aW5ncyI6eyJidWNrZXQiOiJvbiIsInZlcnNpb24iOm51bGx9LCJ0ZndfdXNlX3Byb2ZpbGVfaW1hZ2Vfc2hhcGVfZW5hYmxlZCI6eyJidWNrZXQiOiJvbiIsInZlcnNpb24iOm51bGx9LCJ0ZndfdmlkZW9faGxzX2R5bmFtaWNfbWFuaWZlc3RzXzE1MDgyIjp7ImJ1Y2tldCI6InRydWVfYml0cmF0ZSIsInZlcnNpb24iOm51bGx9LCJ0ZndfbGVnYWN5X3RpbWVsaW5lX3N1bnNldCI6eyJidWNrZXQiOnRydWUsInZlcnNpb24iOm51bGx9LCJ0ZndfdHdlZXRfZWRpdF9mcm9udGVuZCI6eyJidWNrZXQiOiJvbiIsInZlcnNpb24iOm51bGx9fQ%3D%3D&amp;frame=false&amp;hideCard=false&amp;hideThread=false&amp;id=1865945081535971334&amp;lang=es&amp;origin=http%3A%2F%2Fwww.cubadebate.cu%2Fnoticias%2F2024%2F12%2F09%2Fdiaz-canel-llama-a-preservar-la-independencia-de-siria%2F&amp;sessionId=f170e52564fe77412b1a5754db63138261e5f88a&amp;siteScreenName=cubadebatecu&amp;theme=light&amp;widgetsVersion=2615f7e52b7e0%3A1702314776716&amp;width=550px\" frameborder=\"0\" scrolling=\"no\" allowfullscreen=\"allowfullscreen\" data-tweet-id=\"1865945081535971334\" data-mce-fragment=\"1\"><\/iframe><\/div>\n<p>Tras una ofensiva rel\u00e1mpago, en apenas 12 d\u00edas fuerzas islamistas lideradas por el Organismo de Liberaci\u00f3n del Levante (Hayat Tahrir al Sham), tomaron Damasco y el presidente Al-Asad y su familia abandonaron en pa\u00eds y se acogieron al asilo pol\u00edtico en Rusia.<\/p>\n<p>Numerosas naciones, tanto en el mundo \u00e1rabe como en otras latitudes han expresado su preocupaci\u00f3n por las repercusiones que estos hechos pueden acarrear tanto para Siria y su pueblo como para la situaci\u00f3n pol\u00edtica en esa convulsa regi\u00f3n del planeta.<\/p>\n","protected":false},"excerpt":{"rendered":"<p>El presidente de Cuba, Miguel D\u00edaz-Canel Berm\u00fadez, convoc\u00f3 a \u201cpreservar la soberan\u00eda, la integridad territorial y la independencia de Siria\u201d.<\/p>\n","protected":false},"author":26,"featured_media":39002,"comment_status":"open","ping_status":"open","sticky":false,"template":"","format":"standard","meta":{"_acf_changed":false,"footnotes":""},"categories":[1],"tags":[1440,1441,50,291,1442,1443],"coauthors":[],"class_list":["post-39001","post","type-post","status-publish","format-standard","has-post-thumbnail","hentry","category-sancti-spiritus","tag-bashar-al-assad","tag-conflicto","tag-cuba","tag-miguel-diaz-canel-bermudez","tag-politica","tag-siria"],"acf":[],"_links":{"self":[{"href":"https:\/\/www.radiosanctispiritus.cu\/es\/wp-json\/wp\/v2\/posts\/39001","targetHints":{"allow":["GET"]}}],"collection":[{"href":"https:\/\/www.radiosanctispiritus.cu\/es\/wp-json\/wp\/v2\/posts"}],"about":[{"href":"https:\/\/www.radiosanctispiritus.cu\/es\/wp-json\/wp\/v2\/types\/post"}],"author":[{"embeddable":true,"href":"https:\/\/www.radiosanctispiritus.cu\/es\/wp-json\/wp\/v2\/users\/26"}],"replies":[{"embeddable":true,"href":"https:\/\/www.radiosanctispiritus.cu\/es\/wp-json\/wp\/v2\/comments?post=39001"}],"version-history":[{"count":0,"href":"https:\/\/www.radiosanctispiritus.cu\/es\/wp-json\/wp\/v2\/posts\/39001\/revisions"}],"wp:featuredmedia":[{"embeddable":true,"href":"https:\/\/www.radiosanctispiritus.cu\/es\/wp-json\/wp\/v2\/media\/39002"}],"wp:attachment":[{"href":"https:\/\/www.radiosanctispiritus.cu\/es\/wp-json\/wp\/v2\/media?parent=39001"}],"wp:term":[{"taxonomy":"category","embeddable":true,"href":"https:\/\/www.radiosanctispiritus.cu\/es\/wp-json\/wp\/v2\/categories?post=39001"},{"taxonomy":"post_tag","embeddable":true,"href":"https:\/\/www.radiosanctispiritus.cu\/es\/wp-json\/wp\/v2\/tags?post=39001"},{"taxonomy":"author","embeddable":true,"href":"https:\/\/www.radiosanctispiritus.cu\/es\/wp-json\/wp\/v2\/coauthors?post=39001"}],"curies":[{"name":"wp","href":"https:\/\/api.w.org\/{rel}","templated":true}]}}