{"id":38980,"date":"2024-12-08T04:00:54","date_gmt":"2024-12-08T09:00:54","guid":{"rendered":"https:\/\/www.radiosanctispiritus.cu\/es\/?p=38980"},"modified":"2024-12-07T21:02:44","modified_gmt":"2024-12-08T02:02:44","slug":"sancti-spiritus-al-ritmo-del-encuentro-de-coros","status":"publish","type":"post","link":"https:\/\/www.radiosanctispiritus.cu\/es\/sancti-spiritus-al-ritmo-del-encuentro-de-coros\/","title":{"rendered":"Sancti Sp\u00edritus al ritmo del Encuentro de Coros"},"content":{"rendered":"<p>Sancti Sp\u00edritus arrollar\u00e1 del 9 al 11 de diciembre al ritmo del Encuentro de Coros. Los detalles de esta nueva edici\u00f3n los comparti\u00f3 con la prensa su principal gestora, Rosa Rodr\u00edguez.<\/p>\n<p>\u00abEste encuentro estar\u00e1 dedicado a la clave y la rumba, g\u00e9neros que han caracterizado las agrupaciones de coros de clave y rumbas espirituanas desde sus inicios, con el coro de clave La Yaya. Esta manifestaci\u00f3n prolifer\u00f3 en todos los barrios espirituanos, y muchos compositores de este g\u00e9nero han contribuido notablemente a incrementar el repertorio de cada uno de los coros que surgieron en Sancti Sp\u00edritus. En el presente, hay compositores que contin\u00faan componiendo para el coro de clave y tambi\u00e9n realizan o interpretan este g\u00e9nero en agrupaciones de diferentes formatos musicales, como tr\u00edos y d\u00faos,\u00bb explic\u00f3 Rodr\u00edguez.<\/p>\n<p>Uno de los objetivos principales de este proyecto es nutrir a las nuevas generaciones con este patrimonio musical, por lo que se han organizado muchas actividades en escuelas de todos los niveles de ense\u00f1anza. Se realizar\u00e1 un pasacalle en homenaje a todos los coros de clave que surgieron en Sancti Sp\u00edritus, comenzando frente a la UNIA y terminando en la estatua de Serapio. En el pasacalle estar\u00e1n el coro de clave, el coro vocal Imago, el coro del adulto mayor, el Secreto Espirituano y el tr\u00edo Miraflores.<\/p>\n<p>\u00abEste proyecto comenz\u00f3 en el Parque de la Caridad, pero debido a cambios actuales, no se puede realizar la gala all\u00ed. Sin embargo, el pasacalle se realizar\u00e1 a las diez de la ma\u00f1ana por la calle C\u00e9spedes, hasta llegar al Parque de la Caridad. Lo m\u00e1s importante es que junto al coro de clave y el otro talento art\u00edstico que nos acompa\u00f1ar\u00e1, estar\u00e1n los ni\u00f1os,\u00bb a\u00f1adi\u00f3 Rodr\u00edguez.<\/p>\n<p>El Encuentro de Coros concluir\u00e1 el 11 de diciembre en la sede del Comit\u00e9 Provincial de la Uni\u00f3n de Escritores y Artistas de Cuba en Sancti Sp\u00edritus. \u00abVamos a arrollar por el bulevar, entraremos a la UNEAC y all\u00ed se realizar\u00e1 el encuentro de coros con talento art\u00edstico, como el coro de clave, el coro del adulto mayor, el coro vocal Imago, Cantor\u00eda Haciendo Futuro, Cantor\u00eda Reparador de Sue\u00f1os, la Camerata de la Escuela de M\u00fasica, el Coro Los Yayaberitos, el Cuarteto \u00a0A su Tiempo, el Septeto Juvenil y la Parranda Espirituana.<\/p>\n<p><iframe src=\"https:\/\/www.ivoox.com\/player_ej_136654181_6_1.html\" width=\"100%\" height=\"200\" frameborder=\"0\" scrolling=\"no\" allowfullscreen=\"allowfullscreen\"><\/iframe><\/p>\n","protected":false},"excerpt":{"rendered":"<p>Sancti Sp\u00edritus vibrar\u00e1 del 9 al 11 de diciembre al ritmo del Encuentro de Coros que  estar\u00e1 dedicado a la clave y la rumba<\/p>\n","protected":false},"author":12,"featured_media":38984,"comment_status":"open","ping_status":"open","sticky":false,"template":"","format":"standard","meta":{"_acf_changed":false,"footnotes":""},"categories":[6,9],"tags":[1433,282,1432,1280],"coauthors":[],"class_list":["post-38980","post","type-post","status-publish","format-standard","has-post-thumbnail","hentry","category-cultura","category-en-audio","tag-clave","tag-cultura","tag-encuentro-de-coros","tag-rumba"],"acf":[],"_links":{"self":[{"href":"https:\/\/www.radiosanctispiritus.cu\/es\/wp-json\/wp\/v2\/posts\/38980","targetHints":{"allow":["GET"]}}],"collection":[{"href":"https:\/\/www.radiosanctispiritus.cu\/es\/wp-json\/wp\/v2\/posts"}],"about":[{"href":"https:\/\/www.radiosanctispiritus.cu\/es\/wp-json\/wp\/v2\/types\/post"}],"author":[{"embeddable":true,"href":"https:\/\/www.radiosanctispiritus.cu\/es\/wp-json\/wp\/v2\/users\/12"}],"replies":[{"embeddable":true,"href":"https:\/\/www.radiosanctispiritus.cu\/es\/wp-json\/wp\/v2\/comments?post=38980"}],"version-history":[{"count":0,"href":"https:\/\/www.radiosanctispiritus.cu\/es\/wp-json\/wp\/v2\/posts\/38980\/revisions"}],"wp:featuredmedia":[{"embeddable":true,"href":"https:\/\/www.radiosanctispiritus.cu\/es\/wp-json\/wp\/v2\/media\/38984"}],"wp:attachment":[{"href":"https:\/\/www.radiosanctispiritus.cu\/es\/wp-json\/wp\/v2\/media?parent=38980"}],"wp:term":[{"taxonomy":"category","embeddable":true,"href":"https:\/\/www.radiosanctispiritus.cu\/es\/wp-json\/wp\/v2\/categories?post=38980"},{"taxonomy":"post_tag","embeddable":true,"href":"https:\/\/www.radiosanctispiritus.cu\/es\/wp-json\/wp\/v2\/tags?post=38980"},{"taxonomy":"author","embeddable":true,"href":"https:\/\/www.radiosanctispiritus.cu\/es\/wp-json\/wp\/v2\/coauthors?post=38980"}],"curies":[{"name":"wp","href":"https:\/\/api.w.org\/{rel}","templated":true}]}}