{"id":38975,"date":"2024-12-08T04:10:28","date_gmt":"2024-12-08T09:10:28","guid":{"rendered":"https:\/\/www.radiosanctispiritus.cu\/es\/?p=38975"},"modified":"2024-12-07T19:11:55","modified_gmt":"2024-12-08T00:11:55","slug":"centro-historico-de-trinidad-y-valle-de-los-ingenios-a-36-anos-de-declararse-patrimonio-cultural-de-la-humanidad","status":"publish","type":"post","link":"https:\/\/www.radiosanctispiritus.cu\/es\/centro-historico-de-trinidad-y-valle-de-los-ingenios-a-36-anos-de-declararse-patrimonio-cultural-de-la-humanidad\/","title":{"rendered":"Centro hist\u00f3rico de Trinidad y Valle de los Ingenios a 36 a\u00f1os de declararse Patrimonio Cultural de la Humanidad"},"content":{"rendered":"<p>La declaraci\u00f3n del centro hist\u00f3rico de Trinidad y su Valle de los Ingenios como Patrimonio Cultural de la Humanidad, el 8 de diciembre de 1988, marc\u00f3 uno de los hitos m\u00e1s trascendentes para esta urbe colonial y moderna de profundos contrastes, pero siempre bella.<\/p>\n<p>La villa colonial naci\u00f3 entre rejas de singulares formas, llamativas edificaciones y calles empedradas. Su t\u00edpica arquitectura de lujosas mansiones con techos de tejas rojizas y portales de balaustradas de madera, muchas de ellas convertidas en museos, las antiguas plazas, los edificios p\u00fablicos y el entorno natural entre la llanura, la monta\u00f1a y el mar, enorgullecen a sus hijos y enamoran al visitante.<\/p>\n<p>El valle cuenta tambi\u00e9n su propia historia. Su impresionante legado de casas haciendas, torres, calderas y remanentes industriales se presenta como testigo de una lejana \u00e9poca donde el az\u00facar fue principal fuente de prosperidad para la villa. Siglos m\u00e1s tarde, en la f\u00e9rtil llanura, renacen casas haciendas, el cultivo de la ca\u00f1a y otros alimentos.<\/p>\n<p>36 a\u00f1os despu\u00e9s de aquel diciembre, Trinidad agradece el empe\u00f1o de sus m\u00e1s preclaros hijos: Manolo Becker, Alicia Garc\u00eda Santana, Silvia Teresita, \u00c1ngel Bello, V\u00edctor Echenagus\u00eda, Roberto L\u00f3pez Bastida, Macholo, Carlos Joaqu\u00edn Zerquera y Fern\u00e1ndez de Lara, entre muchos otros, que develaron los encantos de esta urbe.<\/p>\n<p>Otros esp\u00edritus tambi\u00e9n recorren sus calles y asoman en sus balcones, cautivando la inspiraci\u00f3n y el quehacer de artistas locales, quienes bebieron de la tradici\u00f3n para tallar su propia impronta y obsequiar a esta tierra otros atributos que hoy la embellecen.<\/p>\n<p>Ciudad artesanal y creativa de la Unesco, Trinidad se enorgullece de la magia de sus noches, los sabores de su cocina, sus ritmos de tambor y melodiosa trova, el brillo de sus luces y hasta de sus sombras. Este ocho de diciembre, la urbe trinitaria agradece la vehemencia con la que muchos defienden el patrimonio como bien com\u00fan, que merece nuestra admiraci\u00f3n y tambi\u00e9n nuestro respeto.<br \/>\n<iframe src=\"https:\/\/www.ivoox.com\/player_ej_136672473_6_1.html?c1=7a0d0b\" width=\"100%\" height=\"200\" frameborder=\"0\" scrolling=\"no\" allowfullscreen=\"allowfullscreen\"><\/iframe><\/p>\n","protected":false},"excerpt":{"rendered":"<p>La declaraci\u00f3n del centro hist\u00f3rico de Trinidad y su Valle de los Ingenios como Patrimonio Cultural de la Humanidad, el 8 de diciembre de 1988, marc\u00f3 uno de los hitos m\u00e1s trascendentes para esta urbe colonial y moderna de profundos contrastes, pero siempre bella.<\/p>\n","protected":false},"author":23,"featured_media":34015,"comment_status":"open","ping_status":"open","sticky":false,"template":"","format":"standard","meta":{"_acf_changed":false,"footnotes":""},"categories":[9],"tags":[110,40,495],"coauthors":[],"class_list":["post-38975","post","type-post","status-publish","format-standard","has-post-thumbnail","hentry","category-en-audio","tag-patrimonio-cultural-de-la-humanidad","tag-trinidad","tag-valle-de-los-ingenios"],"acf":[],"_links":{"self":[{"href":"https:\/\/www.radiosanctispiritus.cu\/es\/wp-json\/wp\/v2\/posts\/38975","targetHints":{"allow":["GET"]}}],"collection":[{"href":"https:\/\/www.radiosanctispiritus.cu\/es\/wp-json\/wp\/v2\/posts"}],"about":[{"href":"https:\/\/www.radiosanctispiritus.cu\/es\/wp-json\/wp\/v2\/types\/post"}],"author":[{"embeddable":true,"href":"https:\/\/www.radiosanctispiritus.cu\/es\/wp-json\/wp\/v2\/users\/23"}],"replies":[{"embeddable":true,"href":"https:\/\/www.radiosanctispiritus.cu\/es\/wp-json\/wp\/v2\/comments?post=38975"}],"version-history":[{"count":0,"href":"https:\/\/www.radiosanctispiritus.cu\/es\/wp-json\/wp\/v2\/posts\/38975\/revisions"}],"wp:featuredmedia":[{"embeddable":true,"href":"https:\/\/www.radiosanctispiritus.cu\/es\/wp-json\/wp\/v2\/media\/34015"}],"wp:attachment":[{"href":"https:\/\/www.radiosanctispiritus.cu\/es\/wp-json\/wp\/v2\/media?parent=38975"}],"wp:term":[{"taxonomy":"category","embeddable":true,"href":"https:\/\/www.radiosanctispiritus.cu\/es\/wp-json\/wp\/v2\/categories?post=38975"},{"taxonomy":"post_tag","embeddable":true,"href":"https:\/\/www.radiosanctispiritus.cu\/es\/wp-json\/wp\/v2\/tags?post=38975"},{"taxonomy":"author","embeddable":true,"href":"https:\/\/www.radiosanctispiritus.cu\/es\/wp-json\/wp\/v2\/coauthors?post=38975"}],"curies":[{"name":"wp","href":"https:\/\/api.w.org\/{rel}","templated":true}]}}