{"id":38934,"date":"2024-12-07T08:02:28","date_gmt":"2024-12-07T13:02:28","guid":{"rendered":"https:\/\/www.radiosanctispiritus.cu\/es\/?p=38934"},"modified":"2024-12-07T11:35:12","modified_gmt":"2024-12-07T16:35:12","slug":"espirituanos-rinden-tributo-a-martires-internacionalistas","status":"publish","type":"post","link":"https:\/\/www.radiosanctispiritus.cu\/es\/espirituanos-rinden-tributo-a-martires-internacionalistas\/","title":{"rendered":"Espirituanos rinden tributo a m\u00e1rtires internacionalistas (+ fotos)"},"content":{"rendered":"<p>Una representaci\u00f3n del pueblo espirituano, encabezada por las m\u00e1ximas autoridades de la provincia, rindi\u00f3 homenaje en la ma\u00f1ana de este s\u00e1bado a los hijos de esta tierra ca\u00eddos en misiones internacionalistas en el aniversario 35 de la Operaci\u00f3n Tributo, que coincide con el 128 de la ca\u00edda en combate de Antonio Maceo y Panchito G\u00f3mez Toro.<\/p>\n<p><img decoding=\"async\" class=\"size-medium wp-image-38942 aligncenter\" src=\"https:\/\/www.radiosanctispiritus.cu\/es\/wp-content\/uploads\/Tributo-heroes-e1733577123203-600x399.jpg\" alt=\"\" width=\"600\" height=\"399\" srcset=\"https:\/\/www.radiosanctispiritus.cu\/es\/wp-content\/uploads\/Tributo-heroes-e1733577123203-600x399.jpg 600w, https:\/\/www.radiosanctispiritus.cu\/es\/wp-content\/uploads\/Tributo-heroes-e1733577123203-768x510.jpg 768w, https:\/\/www.radiosanctispiritus.cu\/es\/wp-content\/uploads\/Tributo-heroes-e1733577123203.jpg 882w\" sizes=\"(max-width: 600px) 100vw, 600px\" \/><\/p>\n<p>Hasta el Cementerio de la ciudad lleg\u00f3 la marcha de los espirituanos, precedida por coronas enviadas por el General de Ej\u00e9rcito Ra\u00fal Castro, el presidente Miguel D\u00edaz-Canel, la Asociaci\u00f3n de Combatientes de la Revoluci\u00f3n Cubana, el pueblo yayabero y los familiares de los ca\u00eddos.<\/p>\n<p><img decoding=\"async\" class=\"size-medium wp-image-38939 aligncenter\" src=\"https:\/\/www.radiosanctispiritus.cu\/es\/wp-content\/uploads\/Tributo-marcha-2-e1733576833446-600x403.jpg\" alt=\"\" width=\"600\" height=\"403\" srcset=\"https:\/\/www.radiosanctispiritus.cu\/es\/wp-content\/uploads\/Tributo-marcha-2-e1733576833446-600x403.jpg 600w, https:\/\/www.radiosanctispiritus.cu\/es\/wp-content\/uploads\/Tributo-marcha-2-e1733576833446-768x516.jpg 768w, https:\/\/www.radiosanctispiritus.cu\/es\/wp-content\/uploads\/Tributo-marcha-2-e1733576833446.jpg 923w\" sizes=\"(max-width: 600px) 100vw, 600px\" \/><\/p>\n<p>En breve pero emotiva ceremonia, similar a las acontecidas en el resto de los municipios espirituanos, se dispararon salvas de artiller\u00eda en recordaci\u00f3n a los que ofrendaron sus vidas en cumplimiento de honrosas en otras tierras del mundo, cuyo legado fue reconocido por Isbel Reina Abre\u00fa, presidente del Consejo de Defensa Municipal.<\/p>\n<p><iframe src=\"https:\/\/www.ivoox.com\/player_ej_136667087_6_1.html?c1=7a0d0b\" width=\"100%\" height=\"200\" frameborder=\"0\" scrolling=\"no\" allowfullscreen=\"allowfullscreen\"><\/iframe><\/p>\n<div id=\"attachment_38949\" style=\"width: 610px\" class=\"wp-caption aligncenter\"><img decoding=\"async\" aria-describedby=\"caption-attachment-38949\" class=\"size-medium wp-image-38949\" src=\"https:\/\/www.radiosanctispiritus.cu\/es\/wp-content\/uploads\/Tributo-Luisito-e1733580075927-600x513.jpg\" alt=\"\" width=\"600\" height=\"513\" srcset=\"https:\/\/www.radiosanctispiritus.cu\/es\/wp-content\/uploads\/Tributo-Luisito-e1733580075927-600x513.jpg 600w, https:\/\/www.radiosanctispiritus.cu\/es\/wp-content\/uploads\/Tributo-Luisito-e1733580075927-768x656.jpg 768w, https:\/\/www.radiosanctispiritus.cu\/es\/wp-content\/uploads\/Tributo-Luisito-e1733580075927.jpg 784w\" sizes=\"(max-width: 600px) 100vw, 600px\" \/><p id=\"caption-attachment-38949\" class=\"wp-caption-text\">Foto: Luis A. Salabarr\u00eda.<\/p><\/div>\n<div id=\"attachment_38950\" style=\"width: 610px\" class=\"wp-caption aligncenter\"><img decoding=\"async\" aria-describedby=\"caption-attachment-38950\" class=\"size-medium wp-image-38950\" src=\"https:\/\/www.radiosanctispiritus.cu\/es\/wp-content\/uploads\/Tributo-espirituanos-600x452.jpg\" alt=\"\" width=\"600\" height=\"452\" srcset=\"https:\/\/www.radiosanctispiritus.cu\/es\/wp-content\/uploads\/Tributo-espirituanos-600x452.jpg 600w, https:\/\/www.radiosanctispiritus.cu\/es\/wp-content\/uploads\/Tributo-espirituanos-768x578.jpg 768w, https:\/\/www.radiosanctispiritus.cu\/es\/wp-content\/uploads\/Tributo-espirituanos.jpg 1020w\" sizes=\"(max-width: 600px) 100vw, 600px\" \/><p id=\"caption-attachment-38950\" class=\"wp-caption-text\">Foto: Luis A. Salabarr\u00eda.<\/p><\/div>\n<p><img decoding=\"async\" class=\"size-medium wp-image-38940 aligncenter\" src=\"https:\/\/www.radiosanctispiritus.cu\/es\/wp-content\/uploads\/Tributo-descargas-600x452.jpg\" alt=\"\" width=\"600\" height=\"452\" srcset=\"https:\/\/www.radiosanctispiritus.cu\/es\/wp-content\/uploads\/Tributo-descargas-600x452.jpg 600w, https:\/\/www.radiosanctispiritus.cu\/es\/wp-content\/uploads\/Tributo-descargas-768x578.jpg 768w, https:\/\/www.radiosanctispiritus.cu\/es\/wp-content\/uploads\/Tributo-descargas.jpg 1020w\" sizes=\"(max-width: 600px) 100vw, 600px\" \/><\/p>\n<p>Las m\u00e1ximas autoridades de la provincia y el territorio cabecera acompa\u00f1aron a familiares de los m\u00e1rtires internacionalistas en el homenaje rendido en el Pante\u00f3n de los Ca\u00eddos por la Defensa.<\/p>\n<p><img decoding=\"async\" class=\"size-medium wp-image-38941 aligncenter\" src=\"https:\/\/www.radiosanctispiritus.cu\/es\/wp-content\/uploads\/Tributo-familiares-600x452.jpg\" alt=\"\" width=\"600\" height=\"452\" srcset=\"https:\/\/www.radiosanctispiritus.cu\/es\/wp-content\/uploads\/Tributo-familiares-600x452.jpg 600w, https:\/\/www.radiosanctispiritus.cu\/es\/wp-content\/uploads\/Tributo-familiares-768x578.jpg 768w, https:\/\/www.radiosanctispiritus.cu\/es\/wp-content\/uploads\/Tributo-familiares.jpg 1020w\" sizes=\"(max-width: 600px) 100vw, 600px\" \/><\/p>\n<p>&nbsp;<\/p>\n","protected":false},"excerpt":{"rendered":"<p>Una representaci\u00f3n del pueblo espirituano, encabezada por las m\u00e1ximas autoridades de la provincia, rindi\u00f3 homenaje en la ma\u00f1ana de este s\u00e1bado a los hijos de esta tierra ca\u00eddos en misiones internacionalistas en el aniversario 35 de la Operaci\u00f3n Tributo.<\/p>\n","protected":false},"author":4,"featured_media":38935,"comment_status":"open","ping_status":"open","sticky":false,"template":"","format":"standard","meta":{"_acf_changed":false,"footnotes":""},"categories":[9,8,1],"tags":[328,44,1411,1410],"coauthors":[],"class_list":["post-38934","post","type-post","status-publish","format-standard","has-post-thumbnail","hentry","category-en-audio","category-noticia","category-sancti-spiritus","tag-combatientes","tag-deivy-perez-martin","tag-misiones-internacionalistas","tag-operacion-tributo"],"acf":[],"_links":{"self":[{"href":"https:\/\/www.radiosanctispiritus.cu\/es\/wp-json\/wp\/v2\/posts\/38934","targetHints":{"allow":["GET"]}}],"collection":[{"href":"https:\/\/www.radiosanctispiritus.cu\/es\/wp-json\/wp\/v2\/posts"}],"about":[{"href":"https:\/\/www.radiosanctispiritus.cu\/es\/wp-json\/wp\/v2\/types\/post"}],"author":[{"embeddable":true,"href":"https:\/\/www.radiosanctispiritus.cu\/es\/wp-json\/wp\/v2\/users\/4"}],"replies":[{"embeddable":true,"href":"https:\/\/www.radiosanctispiritus.cu\/es\/wp-json\/wp\/v2\/comments?post=38934"}],"version-history":[{"count":0,"href":"https:\/\/www.radiosanctispiritus.cu\/es\/wp-json\/wp\/v2\/posts\/38934\/revisions"}],"wp:featuredmedia":[{"embeddable":true,"href":"https:\/\/www.radiosanctispiritus.cu\/es\/wp-json\/wp\/v2\/media\/38935"}],"wp:attachment":[{"href":"https:\/\/www.radiosanctispiritus.cu\/es\/wp-json\/wp\/v2\/media?parent=38934"}],"wp:term":[{"taxonomy":"category","embeddable":true,"href":"https:\/\/www.radiosanctispiritus.cu\/es\/wp-json\/wp\/v2\/categories?post=38934"},{"taxonomy":"post_tag","embeddable":true,"href":"https:\/\/www.radiosanctispiritus.cu\/es\/wp-json\/wp\/v2\/tags?post=38934"},{"taxonomy":"author","embeddable":true,"href":"https:\/\/www.radiosanctispiritus.cu\/es\/wp-json\/wp\/v2\/coauthors?post=38934"}],"curies":[{"name":"wp","href":"https:\/\/api.w.org\/{rel}","templated":true}]}}